{"id":2916,"date":"2026-04-30T13:09:38","date_gmt":"2026-04-30T13:09:38","guid":{"rendered":"https:\/\/www.kanal6tv.com\/?p=2916"},"modified":"2026-04-30T13:09:39","modified_gmt":"2026-04-30T13:09:39","slug":"bogazda-ilham-veren-bir-gece","status":"publish","type":"post","link":"https:\/\/www.kanal6tv.com\/?p=2916","title":{"rendered":"Bo\u011faz\u2019da \u0130lham Veren Bir Gece&#8230;"},"content":{"rendered":"\n<p><strong><br>Bo\u011faz\u2019da \u0130lham Veren Bir Gece<\/strong>; <strong>\u201cBerber Ya\u015far\u201d Okuyucuyla Bulu\u015ftu<\/strong>&#8230;<\/p>\n\n\n\n<p><strong>\u0130\u015f ve sosyal ya\u015famda b\u0131rakt\u0131\u011f\u0131 izlerle ad\u0131ndan s\u00f6z ettiren Ya\u015far Akt\u00fcrk\u2019\u00fcn hayat hik\u00e2yesi, \u201cBerber Ya\u015far\u201d adl\u0131 biyografiyle g\u00f6rkemli bir lansmanla okurlarla bulu\u015ftu. K\u0131z\u0131 Asl\u0131 Akt\u00fcrk Pehlivanlar\u2019\u0131n ev sahipli\u011finde Shangri-La Bosphorus\u2019ta ger\u00e7ekle\u015fen gece, \u0130stanbul\u2019un se\u00e7kin davet takvimine damga vurdu.<\/strong><\/p>\n\n\n\n<p>Yakla\u015f\u0131k 800 \u00f6zel davetlinin kat\u0131ld\u0131\u011f\u0131 lansmanda; i\u015f, siyaset ve b\u00fcrokrasi d\u00fcnyas\u0131n\u0131n \u00f6nde gelen isimleri, Kilis\u2019ten gelen protokol \u00fcyeleri ve vak\u0131f temsilcileri ayn\u0131 \u00e7at\u0131 alt\u0131nda bulu\u015ftu. \u015e\u0131kl\u0131\u011f\u0131n ve zarafetin \u00f6n planda oldu\u011fu gecede, dostluklar peki\u015firken anlaml\u0131 bir hik\u00e2ye de payla\u015f\u0131ld\u0131.<\/p>\n\n\n\n<p>\u201cBerber Ya\u015far\u201d, Ya\u015far Akt\u00fcrk\u2019\u00fcn hen\u00fcz 9 ya\u015f\u0131ndayken babas\u0131n\u0131 kaybetmesiyle ba\u015flayan, azim ve \u00e7al\u0131\u015fma disipliniyle \u015fekillenen hayat yolculu\u011funu etkileyici bir dille aktar\u0131yor. Ayn\u0131 zamanda Kilis Vakf\u0131 b\u00fcnyesinde hayata ge\u00e7irilen sosyal sorumluluk projelerine de \u0131\u015f\u0131k tutarak, yaln\u0131zca bir biyografi olman\u0131n \u00f6tesine ge\u00e7iyor.<\/p>\n\n\n\n<p>Yazar Firuzan G\u00fcrb\u00fcz Gerhold\u2019un \u00fc\u00e7 y\u0131ll\u0131k titiz \u00e7al\u0131\u015fmas\u0131n\u0131n \u00fcr\u00fcn\u00fc olan eser, gecede barkovizyon g\u00f6sterimiyle davetlilere duygusal anlar ya\u015fatt\u0131. Ya\u015far Akt\u00fcrk\u2019\u00fcn hayat\u0131ndan kesitlerin payla\u015f\u0131ld\u0131\u011f\u0131 sunum, salonda derin bir etki b\u0131rakt\u0131.<\/p>\n\n\n\n<p>Gecenin finalinde ise m\u00fczik sahneye ta\u015f\u0131nd\u0131. Ya\u015far Akt\u00fcrk i\u00e7in \u00f6zel olarak bestelenen eserler, Mehmet Yakar ve B\u00fclent Sertta\u015f taraf\u0131ndan seslendirilerek geceye unutulmaz bir kapan\u0131\u015f yap\u0131ld\u0131.<\/p>\n\n\n\n<p>\u201cBerber Ya\u015far\u201d, sadece bir ya\u015fam \u00f6yk\u00fcs\u00fc de\u011fil; azmin, de\u011ferlerin ve insan olman\u0131n inceliklerini anlatan ilham verici bir ba\u015fucu kitab\u0131 olarak raflardaki yerini ald\u0131.<\/p>\n\n\n\n<figure class=\"wp-block-gallery has-nested-images columns-default is-cropped wp-block-gallery-1 is-layout-flex wp-block-gallery-is-layout-flex\">\n<figure class=\"wp-block-image size-large\"><img loading=\"lazy\" decoding=\"async\" width=\"682\" height=\"1024\" data-id=\"2917\" src=\"https:\/\/www.kanal6tv.com\/wp-content\/uploads\/2026\/04\/Osman-Selin-Fatih-Ozturk--682x1024.jpg\" alt=\"\" class=\"wp-image-2917\" srcset=\"https:\/\/www.kanal6tv.com\/wp-content\/uploads\/2026\/04\/Osman-Selin-Fatih-Ozturk--682x1024.jpg 682w, https:\/\/www.kanal6tv.com\/wp-content\/uploads\/2026\/04\/Osman-Selin-Fatih-Ozturk--200x300.jpg 200w, https:\/\/www.kanal6tv.com\/wp-content\/uploads\/2026\/04\/Osman-Selin-Fatih-Ozturk--768x1154.jpg 768w, https:\/\/www.kanal6tv.com\/wp-content\/uploads\/2026\/04\/Osman-Selin-Fatih-Ozturk--1022x1536.jpg 1022w, https:\/\/www.kanal6tv.com\/wp-content\/uploads\/2026\/04\/Osman-Selin-Fatih-Ozturk--1363x2048.jpg 1363w, https:\/\/www.kanal6tv.com\/wp-content\/uploads\/2026\/04\/Osman-Selin-Fatih-Ozturk--1140x1713.jpg 1140w, https:\/\/www.kanal6tv.com\/wp-content\/uploads\/2026\/04\/Osman-Selin-Fatih-Ozturk--scaled.jpg 1704w\" sizes=\"auto, (max-width: 682px) 100vw, 682px\" \/><\/figure>\n\n\n\n<figure class=\"wp-block-image size-large\"><img loading=\"lazy\" decoding=\"async\" width=\"682\" height=\"1024\" data-id=\"2921\" src=\"https:\/\/www.kanal6tv.com\/wp-content\/uploads\/2026\/04\/Fulya-Hacisuleymanoglu--682x1024.jpg\" alt=\"\" class=\"wp-image-2921\" srcset=\"https:\/\/www.kanal6tv.com\/wp-content\/uploads\/2026\/04\/Fulya-Hacisuleymanoglu--682x1024.jpg 682w, https:\/\/www.kanal6tv.com\/wp-content\/uploads\/2026\/04\/Fulya-Hacisuleymanoglu--200x300.jpg 200w, https:\/\/www.kanal6tv.com\/wp-content\/uploads\/2026\/04\/Fulya-Hacisuleymanoglu--768x1154.jpg 768w, https:\/\/www.kanal6tv.com\/wp-content\/uploads\/2026\/04\/Fulya-Hacisuleymanoglu--1022x1536.jpg 1022w, https:\/\/www.kanal6tv.com\/wp-content\/uploads\/2026\/04\/Fulya-Hacisuleymanoglu--1363x2048.jpg 1363w, https:\/\/www.kanal6tv.com\/wp-content\/uploads\/2026\/04\/Fulya-Hacisuleymanoglu--1140x1713.jpg 1140w, https:\/\/www.kanal6tv.com\/wp-content\/uploads\/2026\/04\/Fulya-Hacisuleymanoglu--scaled.jpg 1704w\" sizes=\"auto, (max-width: 682px) 100vw, 682px\" \/><\/figure>\n\n\n\n<figure class=\"wp-block-image size-large\"><img loading=\"lazy\" decoding=\"async\" width=\"682\" height=\"1024\" data-id=\"2918\" src=\"https:\/\/www.kanal6tv.com\/wp-content\/uploads\/2026\/04\/Eray-Kapacioglu--682x1024.jpg\" alt=\"\" class=\"wp-image-2918\" srcset=\"https:\/\/www.kanal6tv.com\/wp-content\/uploads\/2026\/04\/Eray-Kapacioglu--682x1024.jpg 682w, https:\/\/www.kanal6tv.com\/wp-content\/uploads\/2026\/04\/Eray-Kapacioglu--200x300.jpg 200w, https:\/\/www.kanal6tv.com\/wp-content\/uploads\/2026\/04\/Eray-Kapacioglu--768x1154.jpg 768w, https:\/\/www.kanal6tv.com\/wp-content\/uploads\/2026\/04\/Eray-Kapacioglu--1022x1536.jpg 1022w, https:\/\/www.kanal6tv.com\/wp-content\/uploads\/2026\/04\/Eray-Kapacioglu--1363x2048.jpg 1363w, https:\/\/www.kanal6tv.com\/wp-content\/uploads\/2026\/04\/Eray-Kapacioglu--1140x1713.jpg 1140w, https:\/\/www.kanal6tv.com\/wp-content\/uploads\/2026\/04\/Eray-Kapacioglu--scaled.jpg 1704w\" sizes=\"auto, (max-width: 682px) 100vw, 682px\" \/><\/figure>\n\n\n\n<figure class=\"wp-block-image size-large\"><img loading=\"lazy\" decoding=\"async\" width=\"682\" height=\"1024\" data-id=\"2919\" src=\"https:\/\/www.kanal6tv.com\/wp-content\/uploads\/2026\/04\/Bulent-Serttas--682x1024.jpg\" alt=\"\" class=\"wp-image-2919\" srcset=\"https:\/\/www.kanal6tv.com\/wp-content\/uploads\/2026\/04\/Bulent-Serttas--682x1024.jpg 682w, https:\/\/www.kanal6tv.com\/wp-content\/uploads\/2026\/04\/Bulent-Serttas--200x300.jpg 200w, https:\/\/www.kanal6tv.com\/wp-content\/uploads\/2026\/04\/Bulent-Serttas--768x1154.jpg 768w, https:\/\/www.kanal6tv.com\/wp-content\/uploads\/2026\/04\/Bulent-Serttas--1022x1536.jpg 1022w, https:\/\/www.kanal6tv.com\/wp-content\/uploads\/2026\/04\/Bulent-Serttas--1363x2048.jpg 1363w, https:\/\/www.kanal6tv.com\/wp-content\/uploads\/2026\/04\/Bulent-Serttas--1140x1713.jpg 1140w, https:\/\/www.kanal6tv.com\/wp-content\/uploads\/2026\/04\/Bulent-Serttas--scaled.jpg 1704w\" sizes=\"auto, (max-width: 682px) 100vw, 682px\" \/><\/figure>\n\n\n\n<figure class=\"wp-block-image size-large\"><img loading=\"lazy\" decoding=\"async\" width=\"682\" height=\"1024\" data-id=\"2920\" src=\"https:\/\/www.kanal6tv.com\/wp-content\/uploads\/2026\/04\/Senem-Taskin-Rabia-Polat--682x1024.jpg\" alt=\"\" class=\"wp-image-2920\" srcset=\"https:\/\/www.kanal6tv.com\/wp-content\/uploads\/2026\/04\/Senem-Taskin-Rabia-Polat--682x1024.jpg 682w, https:\/\/www.kanal6tv.com\/wp-content\/uploads\/2026\/04\/Senem-Taskin-Rabia-Polat--200x300.jpg 200w, https:\/\/www.kanal6tv.com\/wp-content\/uploads\/2026\/04\/Senem-Taskin-Rabia-Polat--768x1154.jpg 768w, https:\/\/www.kanal6tv.com\/wp-content\/uploads\/2026\/04\/Senem-Taskin-Rabia-Polat--1022x1536.jpg 1022w, https:\/\/www.kanal6tv.com\/wp-content\/uploads\/2026\/04\/Senem-Taskin-Rabia-Polat--1363x2048.jpg 1363w, https:\/\/www.kanal6tv.com\/wp-content\/uploads\/2026\/04\/Senem-Taskin-Rabia-Polat--1140x1713.jpg 1140w, https:\/\/www.kanal6tv.com\/wp-content\/uploads\/2026\/04\/Senem-Taskin-Rabia-Polat--scaled.jpg 1704w\" sizes=\"auto, (max-width: 682px) 100vw, 682px\" \/><\/figure>\n\n\n\n<figure class=\"wp-block-image size-large\"><img loading=\"lazy\" decoding=\"async\" width=\"682\" height=\"1024\" data-id=\"2922\" src=\"https:\/\/www.kanal6tv.com\/wp-content\/uploads\/2026\/04\/Selim-Kosif-Nuri-Oztaskin--682x1024.jpg\" alt=\"\" class=\"wp-image-2922\" srcset=\"https:\/\/www.kanal6tv.com\/wp-content\/uploads\/2026\/04\/Selim-Kosif-Nuri-Oztaskin--682x1024.jpg 682w, https:\/\/www.kanal6tv.com\/wp-content\/uploads\/2026\/04\/Selim-Kosif-Nuri-Oztaskin--200x300.jpg 200w, https:\/\/www.kanal6tv.com\/wp-content\/uploads\/2026\/04\/Selim-Kosif-Nuri-Oztaskin--768x1154.jpg 768w, https:\/\/www.kanal6tv.com\/wp-content\/uploads\/2026\/04\/Selim-Kosif-Nuri-Oztaskin--1022x1536.jpg 1022w, https:\/\/www.kanal6tv.com\/wp-content\/uploads\/2026\/04\/Selim-Kosif-Nuri-Oztaskin--1363x2048.jpg 1363w, https:\/\/www.kanal6tv.com\/wp-content\/uploads\/2026\/04\/Selim-Kosif-Nuri-Oztaskin--1140x1713.jpg 1140w, https:\/\/www.kanal6tv.com\/wp-content\/uploads\/2026\/04\/Selim-Kosif-Nuri-Oztaskin--scaled.jpg 1704w\" sizes=\"auto, (max-width: 682px) 100vw, 682px\" \/><\/figure>\n\n\n\n<figure class=\"wp-block-image size-large\"><img loading=\"lazy\" decoding=\"async\" width=\"682\" height=\"1024\" data-id=\"2923\" src=\"https:\/\/www.kanal6tv.com\/wp-content\/uploads\/2026\/04\/Rifat-Elhadef--682x1024.jpg\" alt=\"\" class=\"wp-image-2923\" srcset=\"https:\/\/www.kanal6tv.com\/wp-content\/uploads\/2026\/04\/Rifat-Elhadef--682x1024.jpg 682w, https:\/\/www.kanal6tv.com\/wp-content\/uploads\/2026\/04\/Rifat-Elhadef--200x300.jpg 200w, https:\/\/www.kanal6tv.com\/wp-content\/uploads\/2026\/04\/Rifat-Elhadef--768x1154.jpg 768w, https:\/\/www.kanal6tv.com\/wp-content\/uploads\/2026\/04\/Rifat-Elhadef--1022x1536.jpg 1022w, https:\/\/www.kanal6tv.com\/wp-content\/uploads\/2026\/04\/Rifat-Elhadef--1363x2048.jpg 1363w, https:\/\/www.kanal6tv.com\/wp-content\/uploads\/2026\/04\/Rifat-Elhadef--1140x1713.jpg 1140w, https:\/\/www.kanal6tv.com\/wp-content\/uploads\/2026\/04\/Rifat-Elhadef--scaled.jpg 1704w\" sizes=\"auto, (max-width: 682px) 100vw, 682px\" \/><\/figure>\n\n\n\n<figure class=\"wp-block-image size-large\"><img loading=\"lazy\" decoding=\"async\" width=\"682\" height=\"1024\" data-id=\"2929\" src=\"https:\/\/www.kanal6tv.com\/wp-content\/uploads\/2026\/04\/Mustafa-Cavit-Caglar--682x1024.jpg\" alt=\"\" class=\"wp-image-2929\" srcset=\"https:\/\/www.kanal6tv.com\/wp-content\/uploads\/2026\/04\/Mustafa-Cavit-Caglar--682x1024.jpg 682w, https:\/\/www.kanal6tv.com\/wp-content\/uploads\/2026\/04\/Mustafa-Cavit-Caglar--200x300.jpg 200w, https:\/\/www.kanal6tv.com\/wp-content\/uploads\/2026\/04\/Mustafa-Cavit-Caglar--768x1154.jpg 768w, https:\/\/www.kanal6tv.com\/wp-content\/uploads\/2026\/04\/Mustafa-Cavit-Caglar--1022x1536.jpg 1022w, https:\/\/www.kanal6tv.com\/wp-content\/uploads\/2026\/04\/Mustafa-Cavit-Caglar--1363x2048.jpg 1363w, https:\/\/www.kanal6tv.com\/wp-content\/uploads\/2026\/04\/Mustafa-Cavit-Caglar--1140x1713.jpg 1140w, https:\/\/www.kanal6tv.com\/wp-content\/uploads\/2026\/04\/Mustafa-Cavit-Caglar--scaled.jpg 1704w\" sizes=\"auto, (max-width: 682px) 100vw, 682px\" \/><\/figure>\n\n\n\n<figure class=\"wp-block-image size-large\"><img loading=\"lazy\" decoding=\"async\" width=\"682\" height=\"1024\" data-id=\"2927\" src=\"https:\/\/www.kanal6tv.com\/wp-content\/uploads\/2026\/04\/Meral-Kosif-Figen-Kiral-Esra-Ozturk--682x1024.jpg\" alt=\"\" class=\"wp-image-2927\" srcset=\"https:\/\/www.kanal6tv.com\/wp-content\/uploads\/2026\/04\/Meral-Kosif-Figen-Kiral-Esra-Ozturk--682x1024.jpg 682w, https:\/\/www.kanal6tv.com\/wp-content\/uploads\/2026\/04\/Meral-Kosif-Figen-Kiral-Esra-Ozturk--200x300.jpg 200w, https:\/\/www.kanal6tv.com\/wp-content\/uploads\/2026\/04\/Meral-Kosif-Figen-Kiral-Esra-Ozturk--768x1154.jpg 768w, https:\/\/www.kanal6tv.com\/wp-content\/uploads\/2026\/04\/Meral-Kosif-Figen-Kiral-Esra-Ozturk--1022x1536.jpg 1022w, https:\/\/www.kanal6tv.com\/wp-content\/uploads\/2026\/04\/Meral-Kosif-Figen-Kiral-Esra-Ozturk--1363x2048.jpg 1363w, https:\/\/www.kanal6tv.com\/wp-content\/uploads\/2026\/04\/Meral-Kosif-Figen-Kiral-Esra-Ozturk--1140x1713.jpg 1140w, https:\/\/www.kanal6tv.com\/wp-content\/uploads\/2026\/04\/Meral-Kosif-Figen-Kiral-Esra-Ozturk--scaled.jpg 1704w\" sizes=\"auto, (max-width: 682px) 100vw, 682px\" \/><\/figure>\n\n\n\n<figure class=\"wp-block-image size-large\"><img loading=\"lazy\" decoding=\"async\" width=\"682\" height=\"1024\" data-id=\"2924\" src=\"https:\/\/www.kanal6tv.com\/wp-content\/uploads\/2026\/04\/Eda-Kosif--682x1024.jpg\" alt=\"\" class=\"wp-image-2924\" srcset=\"https:\/\/www.kanal6tv.com\/wp-content\/uploads\/2026\/04\/Eda-Kosif--682x1024.jpg 682w, https:\/\/www.kanal6tv.com\/wp-content\/uploads\/2026\/04\/Eda-Kosif--200x300.jpg 200w, https:\/\/www.kanal6tv.com\/wp-content\/uploads\/2026\/04\/Eda-Kosif--768x1154.jpg 768w, https:\/\/www.kanal6tv.com\/wp-content\/uploads\/2026\/04\/Eda-Kosif--1022x1536.jpg 1022w, https:\/\/www.kanal6tv.com\/wp-content\/uploads\/2026\/04\/Eda-Kosif--1363x2048.jpg 1363w, https:\/\/www.kanal6tv.com\/wp-content\/uploads\/2026\/04\/Eda-Kosif--1140x1713.jpg 1140w, https:\/\/www.kanal6tv.com\/wp-content\/uploads\/2026\/04\/Eda-Kosif--scaled.jpg 1704w\" sizes=\"auto, (max-width: 682px) 100vw, 682px\" \/><\/figure>\n\n\n\n<figure class=\"wp-block-image size-large\"><img loading=\"lazy\" decoding=\"async\" width=\"682\" height=\"1024\" data-id=\"2925\" src=\"https:\/\/www.kanal6tv.com\/wp-content\/uploads\/2026\/04\/Esra-Ottay--682x1024.jpg\" alt=\"\" class=\"wp-image-2925\" srcset=\"https:\/\/www.kanal6tv.com\/wp-content\/uploads\/2026\/04\/Esra-Ottay--682x1024.jpg 682w, https:\/\/www.kanal6tv.com\/wp-content\/uploads\/2026\/04\/Esra-Ottay--200x300.jpg 200w, https:\/\/www.kanal6tv.com\/wp-content\/uploads\/2026\/04\/Esra-Ottay--768x1154.jpg 768w, https:\/\/www.kanal6tv.com\/wp-content\/uploads\/2026\/04\/Esra-Ottay--1022x1536.jpg 1022w, https:\/\/www.kanal6tv.com\/wp-content\/uploads\/2026\/04\/Esra-Ottay--1363x2048.jpg 1363w, https:\/\/www.kanal6tv.com\/wp-content\/uploads\/2026\/04\/Esra-Ottay--1140x1713.jpg 1140w, https:\/\/www.kanal6tv.com\/wp-content\/uploads\/2026\/04\/Esra-Ottay--scaled.jpg 1704w\" sizes=\"auto, (max-width: 682px) 100vw, 682px\" \/><\/figure>\n\n\n\n<figure class=\"wp-block-image size-large\"><img loading=\"lazy\" decoding=\"async\" width=\"682\" height=\"1024\" data-id=\"2926\" src=\"https:\/\/www.kanal6tv.com\/wp-content\/uploads\/2026\/04\/Adnan-Suhan-Can-Sen--682x1024.jpg\" alt=\"\" class=\"wp-image-2926\" srcset=\"https:\/\/www.kanal6tv.com\/wp-content\/uploads\/2026\/04\/Adnan-Suhan-Can-Sen--682x1024.jpg 682w, https:\/\/www.kanal6tv.com\/wp-content\/uploads\/2026\/04\/Adnan-Suhan-Can-Sen--200x300.jpg 200w, https:\/\/www.kanal6tv.com\/wp-content\/uploads\/2026\/04\/Adnan-Suhan-Can-Sen--768x1154.jpg 768w, https:\/\/www.kanal6tv.com\/wp-content\/uploads\/2026\/04\/Adnan-Suhan-Can-Sen--1022x1536.jpg 1022w, https:\/\/www.kanal6tv.com\/wp-content\/uploads\/2026\/04\/Adnan-Suhan-Can-Sen--1363x2048.jpg 1363w, https:\/\/www.kanal6tv.com\/wp-content\/uploads\/2026\/04\/Adnan-Suhan-Can-Sen--1140x1713.jpg 1140w, https:\/\/www.kanal6tv.com\/wp-content\/uploads\/2026\/04\/Adnan-Suhan-Can-Sen--scaled.jpg 1704w\" sizes=\"auto, (max-width: 682px) 100vw, 682px\" \/><\/figure>\n\n\n\n<figure class=\"wp-block-image size-large\"><img loading=\"lazy\" decoding=\"async\" width=\"682\" height=\"1024\" data-id=\"2928\" src=\"https:\/\/www.kanal6tv.com\/wp-content\/uploads\/2026\/04\/Cigdem-Erdem--682x1024.jpg\" alt=\"\" class=\"wp-image-2928\" srcset=\"https:\/\/www.kanal6tv.com\/wp-content\/uploads\/2026\/04\/Cigdem-Erdem--682x1024.jpg 682w, https:\/\/www.kanal6tv.com\/wp-content\/uploads\/2026\/04\/Cigdem-Erdem--200x300.jpg 200w, https:\/\/www.kanal6tv.com\/wp-content\/uploads\/2026\/04\/Cigdem-Erdem--768x1154.jpg 768w, https:\/\/www.kanal6tv.com\/wp-content\/uploads\/2026\/04\/Cigdem-Erdem--1022x1536.jpg 1022w, https:\/\/www.kanal6tv.com\/wp-content\/uploads\/2026\/04\/Cigdem-Erdem--1363x2048.jpg 1363w, https:\/\/www.kanal6tv.com\/wp-content\/uploads\/2026\/04\/Cigdem-Erdem--1140x1713.jpg 1140w, https:\/\/www.kanal6tv.com\/wp-content\/uploads\/2026\/04\/Cigdem-Erdem--scaled.jpg 1704w\" sizes=\"auto, (max-width: 682px) 100vw, 682px\" \/><\/figure>\n\n\n\n<figure class=\"wp-block-image size-large\"><img loading=\"lazy\" decoding=\"async\" width=\"682\" height=\"1024\" data-id=\"2930\" src=\"https:\/\/www.kanal6tv.com\/wp-content\/uploads\/2026\/04\/Banu-Aksoy--682x1024.jpg\" alt=\"\" class=\"wp-image-2930\" srcset=\"https:\/\/www.kanal6tv.com\/wp-content\/uploads\/2026\/04\/Banu-Aksoy--682x1024.jpg 682w, https:\/\/www.kanal6tv.com\/wp-content\/uploads\/2026\/04\/Banu-Aksoy--200x300.jpg 200w, https:\/\/www.kanal6tv.com\/wp-content\/uploads\/2026\/04\/Banu-Aksoy--768x1154.jpg 768w, https:\/\/www.kanal6tv.com\/wp-content\/uploads\/2026\/04\/Banu-Aksoy--1022x1536.jpg 1022w, https:\/\/www.kanal6tv.com\/wp-content\/uploads\/2026\/04\/Banu-Aksoy--1363x2048.jpg 1363w, https:\/\/www.kanal6tv.com\/wp-content\/uploads\/2026\/04\/Banu-Aksoy--1140x1713.jpg 1140w, https:\/\/www.kanal6tv.com\/wp-content\/uploads\/2026\/04\/Banu-Aksoy--scaled.jpg 1704w\" sizes=\"auto, (max-width: 682px) 100vw, 682px\" \/><\/figure>\n<\/figure>\n\n\n\n<figure class=\"wp-block-gallery has-nested-images columns-default is-cropped wp-block-gallery-2 is-layout-flex wp-block-gallery-is-layout-flex\">\n<figure class=\"wp-block-image size-large\"><img loading=\"lazy\" decoding=\"async\" width=\"1024\" height=\"682\" data-id=\"2931\" src=\"https:\/\/www.kanal6tv.com\/wp-content\/uploads\/2026\/04\/Nazli-Nilgun-Keceli-Nilgun-Asli-Aslan--1024x682.jpg\" alt=\"\" class=\"wp-image-2931\" srcset=\"https:\/\/www.kanal6tv.com\/wp-content\/uploads\/2026\/04\/Nazli-Nilgun-Keceli-Nilgun-Asli-Aslan--1024x682.jpg 1024w, https:\/\/www.kanal6tv.com\/wp-content\/uploads\/2026\/04\/Nazli-Nilgun-Keceli-Nilgun-Asli-Aslan--300x200.jpg 300w, https:\/\/www.kanal6tv.com\/wp-content\/uploads\/2026\/04\/Nazli-Nilgun-Keceli-Nilgun-Asli-Aslan--768x511.jpg 768w, https:\/\/www.kanal6tv.com\/wp-content\/uploads\/2026\/04\/Nazli-Nilgun-Keceli-Nilgun-Asli-Aslan--1536x1022.jpg 1536w, https:\/\/www.kanal6tv.com\/wp-content\/uploads\/2026\/04\/Nazli-Nilgun-Keceli-Nilgun-Asli-Aslan--2048x1363.jpg 2048w, https:\/\/www.kanal6tv.com\/wp-content\/uploads\/2026\/04\/Nazli-Nilgun-Keceli-Nilgun-Asli-Aslan--1140x759.jpg 1140w\" sizes=\"auto, (max-width: 1024px) 100vw, 1024px\" \/><\/figure>\n\n\n\n<figure class=\"wp-block-image size-large\"><img loading=\"lazy\" decoding=\"async\" width=\"1024\" height=\"682\" data-id=\"2932\" src=\"https:\/\/www.kanal6tv.com\/wp-content\/uploads\/2026\/04\/Yasar-Akturk-Ailesi--1024x682.jpg\" alt=\"\" class=\"wp-image-2932\" srcset=\"https:\/\/www.kanal6tv.com\/wp-content\/uploads\/2026\/04\/Yasar-Akturk-Ailesi--1024x682.jpg 1024w, https:\/\/www.kanal6tv.com\/wp-content\/uploads\/2026\/04\/Yasar-Akturk-Ailesi--300x200.jpg 300w, https:\/\/www.kanal6tv.com\/wp-content\/uploads\/2026\/04\/Yasar-Akturk-Ailesi--768x511.jpg 768w, https:\/\/www.kanal6tv.com\/wp-content\/uploads\/2026\/04\/Yasar-Akturk-Ailesi--1536x1022.jpg 1536w, https:\/\/www.kanal6tv.com\/wp-content\/uploads\/2026\/04\/Yasar-Akturk-Ailesi--2048x1363.jpg 2048w, https:\/\/www.kanal6tv.com\/wp-content\/uploads\/2026\/04\/Yasar-Akturk-Ailesi--1140x759.jpg 1140w\" sizes=\"auto, (max-width: 1024px) 100vw, 1024px\" \/><\/figure>\n\n\n\n<figure class=\"wp-block-image size-large\"><img loading=\"lazy\" decoding=\"async\" width=\"1024\" height=\"682\" data-id=\"2933\" src=\"https:\/\/www.kanal6tv.com\/wp-content\/uploads\/2026\/04\/Yasar-Ata-Yasar-Akturk-Boran-Aslim-Pehlivanlar-1024x682.jpg\" alt=\"\" class=\"wp-image-2933\" srcset=\"https:\/\/www.kanal6tv.com\/wp-content\/uploads\/2026\/04\/Yasar-Ata-Yasar-Akturk-Boran-Aslim-Pehlivanlar-1024x682.jpg 1024w, https:\/\/www.kanal6tv.com\/wp-content\/uploads\/2026\/04\/Yasar-Ata-Yasar-Akturk-Boran-Aslim-Pehlivanlar-300x200.jpg 300w, https:\/\/www.kanal6tv.com\/wp-content\/uploads\/2026\/04\/Yasar-Ata-Yasar-Akturk-Boran-Aslim-Pehlivanlar-768x511.jpg 768w, https:\/\/www.kanal6tv.com\/wp-content\/uploads\/2026\/04\/Yasar-Ata-Yasar-Akturk-Boran-Aslim-Pehlivanlar-1536x1022.jpg 1536w, https:\/\/www.kanal6tv.com\/wp-content\/uploads\/2026\/04\/Yasar-Ata-Yasar-Akturk-Boran-Aslim-Pehlivanlar-2048x1363.jpg 2048w, https:\/\/www.kanal6tv.com\/wp-content\/uploads\/2026\/04\/Yasar-Ata-Yasar-Akturk-Boran-Aslim-Pehlivanlar-1140x759.jpg 1140w\" sizes=\"auto, (max-width: 1024px) 100vw, 1024px\" \/><\/figure>\n\n\n\n<figure class=\"wp-block-image size-large\"><img loading=\"lazy\" decoding=\"async\" width=\"1024\" height=\"681\" data-id=\"2935\" src=\"https:\/\/www.kanal6tv.com\/wp-content\/uploads\/2026\/04\/Tugba-Nuri-Ela-Sevil-Develi--1024x681.jpg\" alt=\"\" class=\"wp-image-2935\" srcset=\"https:\/\/www.kanal6tv.com\/wp-content\/uploads\/2026\/04\/Tugba-Nuri-Ela-Sevil-Develi--1024x681.jpg 1024w, https:\/\/www.kanal6tv.com\/wp-content\/uploads\/2026\/04\/Tugba-Nuri-Ela-Sevil-Develi--300x200.jpg 300w, https:\/\/www.kanal6tv.com\/wp-content\/uploads\/2026\/04\/Tugba-Nuri-Ela-Sevil-Develi--768x511.jpg 768w, https:\/\/www.kanal6tv.com\/wp-content\/uploads\/2026\/04\/Tugba-Nuri-Ela-Sevil-Develi--1536x1022.jpg 1536w, https:\/\/www.kanal6tv.com\/wp-content\/uploads\/2026\/04\/Tugba-Nuri-Ela-Sevil-Develi--2048x1363.jpg 2048w, https:\/\/www.kanal6tv.com\/wp-content\/uploads\/2026\/04\/Tugba-Nuri-Ela-Sevil-Develi--1140x759.jpg 1140w\" sizes=\"auto, (max-width: 1024px) 100vw, 1024px\" \/><\/figure>\n\n\n\n<figure class=\"wp-block-image size-large\"><img loading=\"lazy\" decoding=\"async\" width=\"1024\" height=\"682\" data-id=\"2936\" src=\"https:\/\/www.kanal6tv.com\/wp-content\/uploads\/2026\/04\/Bora-Aslim-Pehlivanlar-Yasar-Akturk-Asli-Boran-Yasar-Ata-Pehlivanlar-1024x682.jpg\" alt=\"\" class=\"wp-image-2936\" srcset=\"https:\/\/www.kanal6tv.com\/wp-content\/uploads\/2026\/04\/Bora-Aslim-Pehlivanlar-Yasar-Akturk-Asli-Boran-Yasar-Ata-Pehlivanlar-1024x682.jpg 1024w, https:\/\/www.kanal6tv.com\/wp-content\/uploads\/2026\/04\/Bora-Aslim-Pehlivanlar-Yasar-Akturk-Asli-Boran-Yasar-Ata-Pehlivanlar-300x200.jpg 300w, https:\/\/www.kanal6tv.com\/wp-content\/uploads\/2026\/04\/Bora-Aslim-Pehlivanlar-Yasar-Akturk-Asli-Boran-Yasar-Ata-Pehlivanlar-768x511.jpg 768w, https:\/\/www.kanal6tv.com\/wp-content\/uploads\/2026\/04\/Bora-Aslim-Pehlivanlar-Yasar-Akturk-Asli-Boran-Yasar-Ata-Pehlivanlar-1536x1022.jpg 1536w, https:\/\/www.kanal6tv.com\/wp-content\/uploads\/2026\/04\/Bora-Aslim-Pehlivanlar-Yasar-Akturk-Asli-Boran-Yasar-Ata-Pehlivanlar-2048x1363.jpg 2048w, https:\/\/www.kanal6tv.com\/wp-content\/uploads\/2026\/04\/Bora-Aslim-Pehlivanlar-Yasar-Akturk-Asli-Boran-Yasar-Ata-Pehlivanlar-1140x759.jpg 1140w\" sizes=\"auto, (max-width: 1024px) 100vw, 1024px\" \/><\/figure>\n\n\n\n<figure class=\"wp-block-image size-large\"><img loading=\"lazy\" decoding=\"async\" width=\"1024\" height=\"682\" data-id=\"2934\" src=\"https:\/\/www.kanal6tv.com\/wp-content\/uploads\/2026\/04\/Burcu-Hattat-Oznur-Yakin-Berna-Temel--1024x682.jpg\" alt=\"\" class=\"wp-image-2934\" srcset=\"https:\/\/www.kanal6tv.com\/wp-content\/uploads\/2026\/04\/Burcu-Hattat-Oznur-Yakin-Berna-Temel--1024x682.jpg 1024w, https:\/\/www.kanal6tv.com\/wp-content\/uploads\/2026\/04\/Burcu-Hattat-Oznur-Yakin-Berna-Temel--300x200.jpg 300w, https:\/\/www.kanal6tv.com\/wp-content\/uploads\/2026\/04\/Burcu-Hattat-Oznur-Yakin-Berna-Temel--768x511.jpg 768w, https:\/\/www.kanal6tv.com\/wp-content\/uploads\/2026\/04\/Burcu-Hattat-Oznur-Yakin-Berna-Temel--1536x1022.jpg 1536w, https:\/\/www.kanal6tv.com\/wp-content\/uploads\/2026\/04\/Burcu-Hattat-Oznur-Yakin-Berna-Temel--2048x1363.jpg 2048w, https:\/\/www.kanal6tv.com\/wp-content\/uploads\/2026\/04\/Burcu-Hattat-Oznur-Yakin-Berna-Temel--1140x759.jpg 1140w\" sizes=\"auto, (max-width: 1024px) 100vw, 1024px\" \/><\/figure>\n<\/figure>\n","protected":false},"excerpt":{"rendered":"<p>Bo\u011faz\u2019da \u0130lham Veren Bir Gece; \u201cBerber Ya\u015far\u201d Okuyucuyla Bulu\u015ftu&#8230; \u0130\u015f ve sosyal ya\u015famda b\u0131rakt\u0131\u011f\u0131 izlerle ad\u0131ndan s\u00f6z ettiren Ya\u015far Akt\u00fcrk\u2019\u00fcn hayat hik\u00e2yesi, \u201cBerber Ya\u015far\u201d adl\u0131 biyografiyle g\u00f6rkemli bir lansmanla okurlarla bulu\u015ftu. K\u0131z\u0131 Asl\u0131 Akt\u00fcrk Pehlivanlar\u2019\u0131n ev sahipli\u011finde Shangri-La Bosphorus\u2019ta ger\u00e7ekle\u015fen gece, \u0130stanbul\u2019un se\u00e7kin davet takvimine damga vurdu. Yakla\u015f\u0131k 800 \u00f6zel davetlinin kat\u0131ld\u0131\u011f\u0131 lansmanda; i\u015f, siyaset ve b\u00fcrokrasi d\u00fcnyas\u0131n\u0131n \u00f6nde gelen isimleri, Kilis\u2019ten gelen protokol \u00fcyeleri ve vak\u0131f temsilcileri ayn\u0131 \u00e7at\u0131 alt\u0131nda bulu\u015ftu. \u015e\u0131kl\u0131\u011f\u0131n ve zarafetin \u00f6n planda oldu\u011fu gecede, dostluklar peki\u015firken anlaml\u0131 bir hik\u00e2ye de payla\u015f\u0131ld\u0131. \u201cBerber Ya\u015far\u201d, Ya\u015far Akt\u00fcrk\u2019\u00fcn hen\u00fcz 9 ya\u015f\u0131ndayken babas\u0131n\u0131 kaybetmesiyle ba\u015flayan, azim ve \u00e7al\u0131\u015fma disipliniyle \u015fekillenen hayat yolculu\u011funu etkileyici bir dille aktar\u0131yor. Ayn\u0131 zamanda Kilis Vakf\u0131 b\u00fcnyesinde hayata ge\u00e7irilen sosyal sorumluluk projelerine de \u0131\u015f\u0131k tutarak, yaln\u0131zca bir biyografi olman\u0131n \u00f6tesine ge\u00e7iyor. Yazar Firuzan G\u00fcrb\u00fcz Gerhold\u2019un \u00fc\u00e7 y\u0131ll\u0131k titiz \u00e7al\u0131\u015fmas\u0131n\u0131n \u00fcr\u00fcn\u00fc olan eser, gecede barkovizyon g\u00f6sterimiyle davetlilere duygusal anlar ya\u015fatt\u0131. Ya\u015far Akt\u00fcrk\u2019\u00fcn hayat\u0131ndan kesitlerin payla\u015f\u0131ld\u0131\u011f\u0131 sunum, salonda derin bir etki b\u0131rakt\u0131. Gecenin finalinde ise m\u00fczik sahneye ta\u015f\u0131nd\u0131. Ya\u015far Akt\u00fcrk i\u00e7in \u00f6zel olarak bestelenen eserler, Mehmet Yakar ve B\u00fclent Sertta\u015f taraf\u0131ndan seslendirilerek geceye unutulmaz bir kapan\u0131\u015f yap\u0131ld\u0131. \u201cBerber Ya\u015far\u201d, sadece bir ya\u015fam \u00f6yk\u00fcs\u00fc de\u011fil; azmin, de\u011ferlerin ve insan olman\u0131n inceliklerini anlatan ilham verici bir ba\u015fucu kitab\u0131 olarak raflardaki yerini ald\u0131.<\/p>\n","protected":false},"author":1,"featured_media":2936,"comment_status":"open","ping_status":"open","sticky":false,"template":"","format":"standard","meta":{"footnotes":""},"categories":[3],"tags":[],"class_list":["post-2916","post","type-post","status-publish","format-standard","has-post-thumbnail","hentry","category-haber"],"_links":{"self":[{"href":"https:\/\/www.kanal6tv.com\/index.php?rest_route=\/wp\/v2\/posts\/2916","targetHints":{"allow":["GET"]}}],"collection":[{"href":"https:\/\/www.kanal6tv.com\/index.php?rest_route=\/wp\/v2\/posts"}],"about":[{"href":"https:\/\/www.kanal6tv.com\/index.php?rest_route=\/wp\/v2\/types\/post"}],"author":[{"embeddable":true,"href":"https:\/\/www.kanal6tv.com\/index.php?rest_route=\/wp\/v2\/users\/1"}],"replies":[{"embeddable":true,"href":"https:\/\/www.kanal6tv.com\/index.php?rest_route=%2Fwp%2Fv2%2Fcomments&post=2916"}],"version-history":[{"count":1,"href":"https:\/\/www.kanal6tv.com\/index.php?rest_route=\/wp\/v2\/posts\/2916\/revisions"}],"predecessor-version":[{"id":2937,"href":"https:\/\/www.kanal6tv.com\/index.php?rest_route=\/wp\/v2\/posts\/2916\/revisions\/2937"}],"wp:featuredmedia":[{"embeddable":true,"href":"https:\/\/www.kanal6tv.com\/index.php?rest_route=\/wp\/v2\/media\/2936"}],"wp:attachment":[{"href":"https:\/\/www.kanal6tv.com\/index.php?rest_route=%2Fwp%2Fv2%2Fmedia&parent=2916"}],"wp:term":[{"taxonomy":"category","embeddable":true,"href":"https:\/\/www.kanal6tv.com\/index.php?rest_route=%2Fwp%2Fv2%2Fcategories&post=2916"},{"taxonomy":"post_tag","embeddable":true,"href":"https:\/\/www.kanal6tv.com\/index.php?rest_route=%2Fwp%2Fv2%2Ftags&post=2916"}],"curies":[{"name":"wp","href":"https:\/\/api.w.org\/{rel}","templated":true}]}}