{"id":2911,"date":"2026-04-29T10:44:20","date_gmt":"2026-04-29T10:44:20","guid":{"rendered":"https:\/\/www.kanal6tv.com\/?p=2911"},"modified":"2026-04-29T10:44:21","modified_gmt":"2026-04-29T10:44:21","slug":"citroen-50-yil-donumunu-kutluyor","status":"publish","type":"post","link":"https:\/\/www.kanal6tv.com\/?p=2911","title":{"rendered":"CITRO\u00cbN 50. YIL D\u00d6N\u00dcM\u00dcN\u00dc KUTLUYOR!"},"content":{"rendered":"\n<p><strong>CITRO\u00cbN \u0130LK SINIRLI \u00dcRET\u0130M MODEL\u0130 OLAN 2CV SPOT\u2019UN 50. YIL D\u00d6N\u00dcM\u00dcN\u00dc KUTLUYOR!<\/strong><\/p>\n\n\n\n<p><strong>Otomotiv d\u00fcnyas\u0131n\u0131n ismi konforla \u00f6zde\u015fle\u015fen k\u00f6kl\u00fc mirasa sahip markas\u0131 Citro\u00ebn, ilk s\u0131n\u0131rl\u0131 \u00fcretim modeli olan 2CV Spot\u2019un 50. y\u0131l d\u00f6n\u00fcm\u00fcn\u00fc kutluyor. 1974 y\u0131l\u0131nda Serge Gevin taraf\u0131ndan tasarlanan ve turuncu Orange T\u00e9n\u00e9r\u00e9 ile beyaz Blanc Meije renklerini bulu\u015fturan model, 1976\u2019da yaln\u0131zca 1.800 adetle sat\u0131\u015fa sunuldu. K\u0131sa s\u00fcrede t\u00fckenerek b\u00fcy\u00fck ba\u015far\u0131 elde etti. <\/strong><\/p>\n\n\n\n<p><strong>2CV 4 temelinde geli\u015ftirilen ve 435 cc\u2019lik motoruyla \u00f6ne \u00e7\u0131kan Spot; \u00e7izgili a\u00e7\u0131l\u0131r tavan\u0131, \u00f6zg\u00fcn d\u00f6\u015femeleri ve ikonik detaylar\u0131yla d\u00f6nemin en karakteristik otomobillerinden biri oldu. Ula\u015f\u0131labilir fiyat\u0131 ve farkl\u0131 tasar\u0131m diliyle geni\u015f kitlelere hitap eden model, Citro\u00ebn\u2019in \u00f6zel seri yakla\u015f\u0131m\u0131n\u0131n ba\u015flang\u0131c\u0131n\u0131 temsil etti. Marka, bug\u00fcn C3, C3 Aircross ve C4 modellerini kapsayan Collection 2026 ile bu alandaki yetkinli\u011fini yeniden g\u00f6zler \u00f6n\u00fcne sererken, bu yakla\u015f\u0131m\u0131n temellerinin 2CV Spot ile at\u0131ld\u0131\u011f\u0131na vurgu yap\u0131yor. Aradan ge\u00e7en 50 y\u0131l\u0131n ard\u0131ndan 2CV Spot, otomotiv d\u00fcnyas\u0131ndaki ikonik konumunu korumaya devam ediyor. <\/strong><\/p>\n\n\n\n<p><strong>Model, may\u0131s ay\u0131nda Villiers-sur-Loir\u2019da d\u00fczenlenecek Nationale 2CV 2026 etkinli\u011finde ve kas\u0131m ay\u0131nda Lyon\u2019da ger\u00e7ekle\u015fecek Epoqu&#8217;auto fuar\u0131nda yeniden sahneye \u00e7\u0131kacak. Citro\u00ebn miras\u0131n\u0131n korunmas\u0131 ve tan\u0131t\u0131m\u0131n\u0131 \u00fcstlenen L\u2019Aventure Citro\u00ebn derne\u011fi de her iki etkinlikte yer alarak bu \u00f6zel y\u0131l\u0131 kutlayacak.<\/strong><\/p>\n\n\n\n<figure class=\"wp-block-image size-large\"><img loading=\"lazy\" decoding=\"async\" width=\"1024\" height=\"683\" src=\"http:\/\/www.kanal6tv.com\/wp-content\/uploads\/2026\/04\/Citroen-2CV-Spot-1-1024x683.jpg\" alt=\"\" class=\"wp-image-2913\" srcset=\"https:\/\/www.kanal6tv.com\/wp-content\/uploads\/2026\/04\/Citroen-2CV-Spot-1-1024x683.jpg 1024w, https:\/\/www.kanal6tv.com\/wp-content\/uploads\/2026\/04\/Citroen-2CV-Spot-1-300x200.jpg 300w, https:\/\/www.kanal6tv.com\/wp-content\/uploads\/2026\/04\/Citroen-2CV-Spot-1-768x513.jpg 768w, https:\/\/www.kanal6tv.com\/wp-content\/uploads\/2026\/04\/Citroen-2CV-Spot-1-1536x1025.jpg 1536w, https:\/\/www.kanal6tv.com\/wp-content\/uploads\/2026\/04\/Citroen-2CV-Spot-1-2048x1367.jpg 2048w, https:\/\/www.kanal6tv.com\/wp-content\/uploads\/2026\/04\/Citroen-2CV-Spot-1-1140x761.jpg 1140w\" sizes=\"auto, (max-width: 1024px) 100vw, 1024px\" \/><\/figure>\n\n\n\n<figure class=\"wp-block-image size-large\"><img loading=\"lazy\" decoding=\"async\" width=\"683\" height=\"1024\" src=\"https:\/\/www.kanal6tv.com\/wp-content\/uploads\/2026\/04\/Citroen-2CV-Spot-2-1-683x1024.jpg\" alt=\"\" class=\"wp-image-2914\" srcset=\"https:\/\/www.kanal6tv.com\/wp-content\/uploads\/2026\/04\/Citroen-2CV-Spot-2-1-683x1024.jpg 683w, https:\/\/www.kanal6tv.com\/wp-content\/uploads\/2026\/04\/Citroen-2CV-Spot-2-1-200x300.jpg 200w, https:\/\/www.kanal6tv.com\/wp-content\/uploads\/2026\/04\/Citroen-2CV-Spot-2-1-768x1151.jpg 768w, https:\/\/www.kanal6tv.com\/wp-content\/uploads\/2026\/04\/Citroen-2CV-Spot-2-1-1025x1536.jpg 1025w, https:\/\/www.kanal6tv.com\/wp-content\/uploads\/2026\/04\/Citroen-2CV-Spot-2-1-1367x2048.jpg 1367w, https:\/\/www.kanal6tv.com\/wp-content\/uploads\/2026\/04\/Citroen-2CV-Spot-2-1-1140x1708.jpg 1140w, https:\/\/www.kanal6tv.com\/wp-content\/uploads\/2026\/04\/Citroen-2CV-Spot-2-1.jpg 1652w\" sizes=\"auto, (max-width: 683px) 100vw, 683px\" \/><\/figure>\n","protected":false},"excerpt":{"rendered":"<p>CITRO\u00cbN \u0130LK SINIRLI \u00dcRET\u0130M MODEL\u0130 OLAN 2CV SPOT\u2019UN 50. YIL D\u00d6N\u00dcM\u00dcN\u00dc KUTLUYOR! Otomotiv d\u00fcnyas\u0131n\u0131n ismi konforla \u00f6zde\u015fle\u015fen k\u00f6kl\u00fc mirasa sahip markas\u0131 Citro\u00ebn, ilk s\u0131n\u0131rl\u0131 \u00fcretim modeli olan 2CV Spot\u2019un 50. y\u0131l d\u00f6n\u00fcm\u00fcn\u00fc kutluyor. 1974 y\u0131l\u0131nda Serge Gevin taraf\u0131ndan tasarlanan ve turuncu Orange T\u00e9n\u00e9r\u00e9 ile beyaz Blanc Meije renklerini bulu\u015fturan model, 1976\u2019da yaln\u0131zca 1.800 adetle sat\u0131\u015fa sunuldu. K\u0131sa s\u00fcrede t\u00fckenerek b\u00fcy\u00fck ba\u015far\u0131 elde etti. 2CV 4 temelinde geli\u015ftirilen ve 435 cc\u2019lik motoruyla \u00f6ne \u00e7\u0131kan Spot; \u00e7izgili a\u00e7\u0131l\u0131r tavan\u0131, \u00f6zg\u00fcn d\u00f6\u015femeleri ve ikonik detaylar\u0131yla d\u00f6nemin en karakteristik otomobillerinden biri oldu. Ula\u015f\u0131labilir fiyat\u0131 ve farkl\u0131 tasar\u0131m diliyle geni\u015f kitlelere hitap eden model, Citro\u00ebn\u2019in \u00f6zel seri yakla\u015f\u0131m\u0131n\u0131n ba\u015flang\u0131c\u0131n\u0131 temsil etti. Marka, bug\u00fcn C3, C3 Aircross ve C4 modellerini kapsayan Collection 2026 ile bu alandaki yetkinli\u011fini yeniden g\u00f6zler \u00f6n\u00fcne sererken, bu yakla\u015f\u0131m\u0131n temellerinin 2CV Spot ile at\u0131ld\u0131\u011f\u0131na vurgu yap\u0131yor. Aradan ge\u00e7en 50 y\u0131l\u0131n ard\u0131ndan 2CV Spot, otomotiv d\u00fcnyas\u0131ndaki ikonik konumunu korumaya devam ediyor. Model, may\u0131s ay\u0131nda Villiers-sur-Loir\u2019da d\u00fczenlenecek Nationale 2CV 2026 etkinli\u011finde ve kas\u0131m ay\u0131nda Lyon\u2019da ger\u00e7ekle\u015fecek Epoqu&#8217;auto fuar\u0131nda yeniden sahneye \u00e7\u0131kacak. Citro\u00ebn miras\u0131n\u0131n korunmas\u0131 ve tan\u0131t\u0131m\u0131n\u0131 \u00fcstlenen L\u2019Aventure Citro\u00ebn derne\u011fi de her iki etkinlikte yer alarak bu \u00f6zel y\u0131l\u0131 kutlayacak.<\/p>\n","protected":false},"author":1,"featured_media":2913,"comment_status":"open","ping_status":"open","sticky":false,"template":"","format":"standard","meta":{"footnotes":""},"categories":[3],"tags":[],"class_list":["post-2911","post","type-post","status-publish","format-standard","has-post-thumbnail","hentry","category-haber"],"_links":{"self":[{"href":"https:\/\/www.kanal6tv.com\/index.php?rest_route=\/wp\/v2\/posts\/2911","targetHints":{"allow":["GET"]}}],"collection":[{"href":"https:\/\/www.kanal6tv.com\/index.php?rest_route=\/wp\/v2\/posts"}],"about":[{"href":"https:\/\/www.kanal6tv.com\/index.php?rest_route=\/wp\/v2\/types\/post"}],"author":[{"embeddable":true,"href":"https:\/\/www.kanal6tv.com\/index.php?rest_route=\/wp\/v2\/users\/1"}],"replies":[{"embeddable":true,"href":"https:\/\/www.kanal6tv.com\/index.php?rest_route=%2Fwp%2Fv2%2Fcomments&post=2911"}],"version-history":[{"count":1,"href":"https:\/\/www.kanal6tv.com\/index.php?rest_route=\/wp\/v2\/posts\/2911\/revisions"}],"predecessor-version":[{"id":2915,"href":"https:\/\/www.kanal6tv.com\/index.php?rest_route=\/wp\/v2\/posts\/2911\/revisions\/2915"}],"wp:featuredmedia":[{"embeddable":true,"href":"https:\/\/www.kanal6tv.com\/index.php?rest_route=\/wp\/v2\/media\/2913"}],"wp:attachment":[{"href":"https:\/\/www.kanal6tv.com\/index.php?rest_route=%2Fwp%2Fv2%2Fmedia&parent=2911"}],"wp:term":[{"taxonomy":"category","embeddable":true,"href":"https:\/\/www.kanal6tv.com\/index.php?rest_route=%2Fwp%2Fv2%2Fcategories&post=2911"},{"taxonomy":"post_tag","embeddable":true,"href":"https:\/\/www.kanal6tv.com\/index.php?rest_route=%2Fwp%2Fv2%2Ftags&post=2911"}],"curies":[{"name":"wp","href":"https:\/\/api.w.org\/{rel}","templated":true}]}}