{"id":2899,"date":"2026-04-29T10:39:20","date_gmt":"2026-04-29T10:39:20","guid":{"rendered":"https:\/\/www.kanal6tv.com\/?p=2899"},"modified":"2026-04-29T10:39:21","modified_gmt":"2026-04-29T10:39:21","slug":"istanbulun-hafizasi-marti-kanadinda","status":"publish","type":"post","link":"https:\/\/www.kanal6tv.com\/?p=2899","title":{"rendered":"\u0130stanbul\u2019un Haf\u0131zas\u0131 Mart\u0131 Kanad\u0131nda&#8230;"},"content":{"rendered":"\n<p><strong>Ressam P\u0131nar Kanber\u2019in uzun s\u00fcredir \u00fczerinde \u00e7al\u0131\u015ft\u0131\u011f\u0131 yeni ki\u015fisel sergisi \u201cMart\u0131lar\u0131n \u0130stanbul\u2019u\u201d, 28 Nisan 2026 tarihinde FULART Gallery\u2019de kap\u0131lar\u0131n\u0131 sanatseverlere a\u00e7t\u0131. A\u00e7\u0131l\u0131\u015f gecesi; sanat d\u00fcnyas\u0131n\u0131n \u00f6nemli isimleri, koleksiyonerler, bas\u0131n mensuplar\u0131 ve \u00e7ok say\u0131da davetlinin yo\u011fun ilgisiyle ger\u00e7ekle\u015fti. \u201cMart\u0131lar\u0131n \u0130stanbul\u2019u\u201d sergisi, 9 May\u0131s 2026 tarihine kadar FULART Gallery\u2019de ziyaret edilebilir.<\/strong><\/p>\n\n\n\n<p>\u0130stanbul\u2019un \u00e7ok katmanl\u0131 haf\u0131zas\u0131n\u0131 mart\u0131lar \u00fczerinden yeniden yorumlayan sergi, izleyiciyi zaman, hareket ve bellek ekseninde \u015fiirsel bir yolculu\u011fa \u00e7\u0131kar\u0131yor. Kanber\u2019in eserleri, ge\u00e7mi\u015f ile bug\u00fcn\u00fc ayn\u0131 y\u00fczeyde bulu\u015ftururken, kentin k\u00fclt\u00fcrel ve tarihsel birikimini g\u00fc\u00e7l\u00fc bir g\u00f6rsel dile d\u00f6n\u00fc\u015ft\u00fcr\u00fcyor.<\/p>\n\n\n\n<p>Sanat\u00e7\u0131n\u0131n daha \u00f6nce Anadolu\u2019nun g\u00f6\u00e7 k\u00fclt\u00fcr\u00fcn\u00fc kervansaraylar ve at fig\u00fcrleri \u00fczerinden ele ald\u0131\u011f\u0131 \u00fcretim prati\u011fi, bu seride \u0130stanbul\u2019un simgesi haline gelmi\u015f mart\u0131larla yeni bir anlat\u0131 katman\u0131na ta\u015f\u0131n\u0131yor. Tuvalde hayat bulan mart\u0131lar; Bizans\u2019tan Osmanl\u0131\u2019ya uzanan tarihsel izleri, Bo\u011faz\u2019\u0131n ak\u0131\u015f\u0131n\u0131 ve \u015fehrin haf\u0131zas\u0131nda yer eden duygular\u0131 birbirine ba\u011flayan birer tan\u0131k olarak \u00f6ne \u00e7\u0131k\u0131yor. A\u00e7\u0131l\u0131\u015f gecesinde eserler b\u00fcy\u00fck be\u011feni toplarken, sanat \u00e7evreleri sergiyi&nbsp;<em>\u201c\u0130stanbul\u2019un haf\u0131zas\u0131na \u015fiirsel bir dokunu\u015f\u201d<\/em>&nbsp;olarak de\u011ferlendirdi. Yo\u011fun kat\u0131l\u0131m\u0131n oldu\u011fu gecede, koleksiyonerlerin eserlere g\u00f6sterdi\u011fi ilgi dikkat \u00e7ekti.<\/p>\n\n\n\n<p>Kanber, sergiye ili\u015fkin d\u00fc\u015f\u00fcncelerini \u015fu s\u00f6zlerle ifade ediyor:&nbsp;<em>\u201cKervansaraylar\u0131n sesi sustu; yerini mart\u0131lar\u0131n \u00e7\u0131\u011fl\u0131klar\u0131 ald\u0131. Bu \u00e7\u0131\u011fl\u0131klar\u0131 renklerle duyulur k\u0131larak ge\u00e7mi\u015f ile bug\u00fcn aras\u0131nda yeni bir ba\u011f kurmak istiyorum.\u201d<\/em><\/p>\n\n\n\n<p>1974 \u0130stanbul do\u011fumlu sanat\u00e7\u0131 P\u0131nar Kanber, Kocaeli \u00dcniversitesi G\u00fczel Sanatlar Fak\u00fcltesi Resim B\u00f6l\u00fcm\u00fc\u2019nden mezun olduktan sonra y\u00fcksek lisans\u0131n\u0131 ayn\u0131 \u00fcniversitede tamamlad\u0131. Sanat &nbsp;e\u011fitimcili\u011fi, proje koordinat\u00f6rl\u00fc\u011f\u00fc ve sanat y\u00f6netmenli\u011fi gibi farkl\u0131 alanlarda da aktif rol alan Kanber; k\u00fclt\u00fcrel miras ve sanat \u00fcretimini bir araya getiren \u00e7al\u0131\u015fmalar\u0131yla tan\u0131n\u0131yor. Sanat\u00e7\u0131, \u00fcretimlerini \u00c7anakkale\u2019deki at\u00f6lyesinde s\u00fcrd\u00fcrmeye devam ediyor.<\/p>\n\n\n\n<p><strong>\u201cMart\u0131lar\u0131n \u0130stanbul\u2019u\u201d sergisi, 9 May\u0131s 2026\u2019ya kadar FULART Gallery\u2019de ziyaret edilebilirken, \u0130stanbul\u2019un g\u00f6ky\u00fcz\u00fcnde s\u00fcz\u00fclen mart\u0131lar\u0131n izinde zaman ve haf\u0131zan\u0131n katmanlar\u0131n\u0131 ke\u015ffetmek isteyen t\u00fcm sanatseverleri bu \u00f6zg\u00fcn deneyime davet ediyor.<\/strong><\/p>\n\n\n\n<p><strong>FULART Gallery<\/strong><\/p>\n\n\n\n<p><strong>Adres:<\/strong>&nbsp;Fenerbah\u00e7e, R\u00fc\u015ftiye Sok.No:19, 34726 Kad\u0131k\u00f6y\/\u0130stanbul<\/p>\n\n\n\n<p><strong>Telefon:<\/strong>&nbsp;0532 352 28 04<\/p>\n\n\n\n<p><strong>\u00c7al\u0131\u015fma Saatleri:<\/strong>&nbsp;Pazar g\u00fcn\u00fc hari\u00e7, her g\u00fcn 11:00 \u2013 18:00<\/p>\n\n\n\n<figure class=\"wp-block-gallery has-nested-images columns-default is-cropped wp-block-gallery-1 is-layout-flex wp-block-gallery-is-layout-flex\">\n<figure class=\"wp-block-image size-large\"><img loading=\"lazy\" decoding=\"async\" width=\"1024\" height=\"1022\" data-id=\"2901\" src=\"https:\/\/www.kanal6tv.com\/wp-content\/uploads\/2026\/04\/5-1024x1022.jpg\" alt=\"\" class=\"wp-image-2901\" srcset=\"https:\/\/www.kanal6tv.com\/wp-content\/uploads\/2026\/04\/5-1024x1022.jpg 1024w, https:\/\/www.kanal6tv.com\/wp-content\/uploads\/2026\/04\/5-300x300.jpg 300w, https:\/\/www.kanal6tv.com\/wp-content\/uploads\/2026\/04\/5-150x150.jpg 150w, https:\/\/www.kanal6tv.com\/wp-content\/uploads\/2026\/04\/5-768x767.jpg 768w, https:\/\/www.kanal6tv.com\/wp-content\/uploads\/2026\/04\/5-1536x1533.jpg 1536w, https:\/\/www.kanal6tv.com\/wp-content\/uploads\/2026\/04\/5-2048x2044.jpg 2048w, https:\/\/www.kanal6tv.com\/wp-content\/uploads\/2026\/04\/5-1140x1138.jpg 1140w, https:\/\/www.kanal6tv.com\/wp-content\/uploads\/2026\/04\/5-75x75.jpg 75w\" sizes=\"auto, (max-width: 1024px) 100vw, 1024px\" \/><\/figure>\n\n\n\n<figure class=\"wp-block-image size-large\"><img loading=\"lazy\" decoding=\"async\" width=\"1013\" height=\"1024\" data-id=\"2900\" src=\"https:\/\/www.kanal6tv.com\/wp-content\/uploads\/2026\/04\/1-1013x1024.jpg\" alt=\"\" class=\"wp-image-2900\" srcset=\"https:\/\/www.kanal6tv.com\/wp-content\/uploads\/2026\/04\/1-1013x1024.jpg 1013w, https:\/\/www.kanal6tv.com\/wp-content\/uploads\/2026\/04\/1-297x300.jpg 297w, https:\/\/www.kanal6tv.com\/wp-content\/uploads\/2026\/04\/1-768x776.jpg 768w, https:\/\/www.kanal6tv.com\/wp-content\/uploads\/2026\/04\/1-1520x1536.jpg 1520w, https:\/\/www.kanal6tv.com\/wp-content\/uploads\/2026\/04\/1-2026x2048.jpg 2026w, https:\/\/www.kanal6tv.com\/wp-content\/uploads\/2026\/04\/1-1140x1152.jpg 1140w, https:\/\/www.kanal6tv.com\/wp-content\/uploads\/2026\/04\/1-75x75.jpg 75w\" sizes=\"auto, (max-width: 1013px) 100vw, 1013px\" \/><\/figure>\n<\/figure>\n\n\n\n<figure class=\"wp-block-gallery has-nested-images columns-default is-cropped wp-block-gallery-2 is-layout-flex wp-block-gallery-is-layout-flex\">\n<figure class=\"wp-block-image size-large\"><img loading=\"lazy\" decoding=\"async\" width=\"1013\" height=\"1024\" data-id=\"2904\" src=\"https:\/\/www.kanal6tv.com\/wp-content\/uploads\/2026\/04\/3-1013x1024.jpg\" alt=\"\" class=\"wp-image-2904\" srcset=\"https:\/\/www.kanal6tv.com\/wp-content\/uploads\/2026\/04\/3-1013x1024.jpg 1013w, https:\/\/www.kanal6tv.com\/wp-content\/uploads\/2026\/04\/3-297x300.jpg 297w, https:\/\/www.kanal6tv.com\/wp-content\/uploads\/2026\/04\/3-768x776.jpg 768w, https:\/\/www.kanal6tv.com\/wp-content\/uploads\/2026\/04\/3-1520x1536.jpg 1520w, https:\/\/www.kanal6tv.com\/wp-content\/uploads\/2026\/04\/3-2026x2048.jpg 2026w, https:\/\/www.kanal6tv.com\/wp-content\/uploads\/2026\/04\/3-1140x1152.jpg 1140w, https:\/\/www.kanal6tv.com\/wp-content\/uploads\/2026\/04\/3-75x75.jpg 75w\" sizes=\"auto, (max-width: 1013px) 100vw, 1013px\" \/><\/figure>\n\n\n\n<figure class=\"wp-block-image size-large\"><img loading=\"lazy\" decoding=\"async\" width=\"2128\" height=\"2126\" data-id=\"2903\" src=\"https:\/\/www.kanal6tv.com\/wp-content\/uploads\/2026\/04\/4-1024x1024.jpg\" alt=\"\" class=\"wp-image-2903\" srcset=\"https:\/\/www.kanal6tv.com\/wp-content\/uploads\/2026\/04\/4-1024x1024.jpg 1024w, https:\/\/www.kanal6tv.com\/wp-content\/uploads\/2026\/04\/4-300x300.jpg 300w, https:\/\/www.kanal6tv.com\/wp-content\/uploads\/2026\/04\/4-150x150.jpg 150w, https:\/\/www.kanal6tv.com\/wp-content\/uploads\/2026\/04\/4-768x767.jpg 768w, https:\/\/www.kanal6tv.com\/wp-content\/uploads\/2026\/04\/4-1536x1536.jpg 1536w, https:\/\/www.kanal6tv.com\/wp-content\/uploads\/2026\/04\/4-2048x2046.jpg 2048w, https:\/\/www.kanal6tv.com\/wp-content\/uploads\/2026\/04\/4-1140x1139.jpg 1140w, https:\/\/www.kanal6tv.com\/wp-content\/uploads\/2026\/04\/4-75x75.jpg 75w\" sizes=\"auto, (max-width: 2128px) 100vw, 2128px\" \/><\/figure>\n\n\n\n<figure class=\"wp-block-image size-large\"><img loading=\"lazy\" decoding=\"async\" width=\"1015\" height=\"1024\" data-id=\"2902\" src=\"https:\/\/www.kanal6tv.com\/wp-content\/uploads\/2026\/04\/2-1015x1024.jpg\" alt=\"\" class=\"wp-image-2902\" srcset=\"https:\/\/www.kanal6tv.com\/wp-content\/uploads\/2026\/04\/2-1015x1024.jpg 1015w, https:\/\/www.kanal6tv.com\/wp-content\/uploads\/2026\/04\/2-297x300.jpg 297w, https:\/\/www.kanal6tv.com\/wp-content\/uploads\/2026\/04\/2-150x150.jpg 150w, https:\/\/www.kanal6tv.com\/wp-content\/uploads\/2026\/04\/2-768x775.jpg 768w, https:\/\/www.kanal6tv.com\/wp-content\/uploads\/2026\/04\/2-1522x1536.jpg 1522w, https:\/\/www.kanal6tv.com\/wp-content\/uploads\/2026\/04\/2-1140x1150.jpg 1140w, https:\/\/www.kanal6tv.com\/wp-content\/uploads\/2026\/04\/2-75x75.jpg 75w, https:\/\/www.kanal6tv.com\/wp-content\/uploads\/2026\/04\/2.jpg 2024w\" sizes=\"auto, (max-width: 1015px) 100vw, 1015px\" \/><\/figure>\n<\/figure>\n\n\n\n<figure class=\"wp-block-gallery has-nested-images columns-default is-cropped wp-block-gallery-3 is-layout-flex wp-block-gallery-is-layout-flex\">\n<figure class=\"wp-block-image size-large\"><img loading=\"lazy\" decoding=\"async\" width=\"1024\" height=\"682\" data-id=\"2906\" src=\"https:\/\/www.kanal6tv.com\/wp-content\/uploads\/2026\/04\/acilis-1-1024x682.jpeg\" alt=\"\" class=\"wp-image-2906\" srcset=\"https:\/\/www.kanal6tv.com\/wp-content\/uploads\/2026\/04\/acilis-1-1024x682.jpeg 1024w, https:\/\/www.kanal6tv.com\/wp-content\/uploads\/2026\/04\/acilis-1-300x200.jpeg 300w, https:\/\/www.kanal6tv.com\/wp-content\/uploads\/2026\/04\/acilis-1-768x512.jpeg 768w, https:\/\/www.kanal6tv.com\/wp-content\/uploads\/2026\/04\/acilis-1-1536x1023.jpeg 1536w, https:\/\/www.kanal6tv.com\/wp-content\/uploads\/2026\/04\/acilis-1-1140x760.jpeg 1140w, https:\/\/www.kanal6tv.com\/wp-content\/uploads\/2026\/04\/acilis-1.jpeg 1600w\" sizes=\"auto, (max-width: 1024px) 100vw, 1024px\" \/><\/figure>\n\n\n\n<figure class=\"wp-block-image size-large\"><img loading=\"lazy\" decoding=\"async\" width=\"1024\" height=\"682\" data-id=\"2905\" src=\"https:\/\/www.kanal6tv.com\/wp-content\/uploads\/2026\/04\/Bilgin-Aygul-Gunsu-SaracogluPinar-Kanber-Bulent-YukselGuzin-Anbar-Mumin-Candas-1024x682.jpeg\" alt=\"\" class=\"wp-image-2905\" srcset=\"https:\/\/www.kanal6tv.com\/wp-content\/uploads\/2026\/04\/Bilgin-Aygul-Gunsu-SaracogluPinar-Kanber-Bulent-YukselGuzin-Anbar-Mumin-Candas-1024x682.jpeg 1024w, https:\/\/www.kanal6tv.com\/wp-content\/uploads\/2026\/04\/Bilgin-Aygul-Gunsu-SaracogluPinar-Kanber-Bulent-YukselGuzin-Anbar-Mumin-Candas-300x200.jpeg 300w, https:\/\/www.kanal6tv.com\/wp-content\/uploads\/2026\/04\/Bilgin-Aygul-Gunsu-SaracogluPinar-Kanber-Bulent-YukselGuzin-Anbar-Mumin-Candas-768x512.jpeg 768w, https:\/\/www.kanal6tv.com\/wp-content\/uploads\/2026\/04\/Bilgin-Aygul-Gunsu-SaracogluPinar-Kanber-Bulent-YukselGuzin-Anbar-Mumin-Candas-1536x1023.jpeg 1536w, https:\/\/www.kanal6tv.com\/wp-content\/uploads\/2026\/04\/Bilgin-Aygul-Gunsu-SaracogluPinar-Kanber-Bulent-YukselGuzin-Anbar-Mumin-Candas-1140x760.jpeg 1140w, https:\/\/www.kanal6tv.com\/wp-content\/uploads\/2026\/04\/Bilgin-Aygul-Gunsu-SaracogluPinar-Kanber-Bulent-YukselGuzin-Anbar-Mumin-Candas.jpeg 1600w\" sizes=\"auto, (max-width: 1024px) 100vw, 1024px\" \/><\/figure>\n\n\n\n<figure class=\"wp-block-image size-large\"><img loading=\"lazy\" decoding=\"async\" width=\"1024\" height=\"682\" data-id=\"2907\" src=\"https:\/\/www.kanal6tv.com\/wp-content\/uploads\/2026\/04\/Pinar-Kanber-1024x682.jpeg\" alt=\"\" class=\"wp-image-2907\" srcset=\"https:\/\/www.kanal6tv.com\/wp-content\/uploads\/2026\/04\/Pinar-Kanber-1024x682.jpeg 1024w, https:\/\/www.kanal6tv.com\/wp-content\/uploads\/2026\/04\/Pinar-Kanber-300x200.jpeg 300w, https:\/\/www.kanal6tv.com\/wp-content\/uploads\/2026\/04\/Pinar-Kanber-768x512.jpeg 768w, https:\/\/www.kanal6tv.com\/wp-content\/uploads\/2026\/04\/Pinar-Kanber-1536x1023.jpeg 1536w, https:\/\/www.kanal6tv.com\/wp-content\/uploads\/2026\/04\/Pinar-Kanber-1140x760.jpeg 1140w, https:\/\/www.kanal6tv.com\/wp-content\/uploads\/2026\/04\/Pinar-Kanber.jpeg 1600w\" sizes=\"auto, (max-width: 1024px) 100vw, 1024px\" \/><\/figure>\n<\/figure>\n\n\n\n<figure class=\"wp-block-gallery has-nested-images columns-default is-cropped wp-block-gallery-4 is-layout-flex wp-block-gallery-is-layout-flex\">\n<figure class=\"wp-block-image size-large\"><img loading=\"lazy\" decoding=\"async\" width=\"1024\" height=\"563\" data-id=\"2909\" src=\"https:\/\/www.kanal6tv.com\/wp-content\/uploads\/2026\/04\/Banner-1024x563.jpg\" alt=\"\" class=\"wp-image-2909\" srcset=\"https:\/\/www.kanal6tv.com\/wp-content\/uploads\/2026\/04\/Banner-1024x563.jpg 1024w, https:\/\/www.kanal6tv.com\/wp-content\/uploads\/2026\/04\/Banner-300x165.jpg 300w, https:\/\/www.kanal6tv.com\/wp-content\/uploads\/2026\/04\/Banner-768x423.jpg 768w, https:\/\/www.kanal6tv.com\/wp-content\/uploads\/2026\/04\/Banner-1536x845.jpg 1536w, https:\/\/www.kanal6tv.com\/wp-content\/uploads\/2026\/04\/Banner-1140x627.jpg 1140w, https:\/\/www.kanal6tv.com\/wp-content\/uploads\/2026\/04\/Banner.jpg 1612w\" sizes=\"auto, (max-width: 1024px) 100vw, 1024px\" \/><\/figure>\n\n\n\n<figure class=\"wp-block-image size-large\"><img loading=\"lazy\" decoding=\"async\" width=\"1024\" height=\"739\" data-id=\"2908\" src=\"https:\/\/www.kanal6tv.com\/wp-content\/uploads\/2026\/04\/afis-1-1024x739.jpeg\" alt=\"\" class=\"wp-image-2908\" srcset=\"https:\/\/www.kanal6tv.com\/wp-content\/uploads\/2026\/04\/afis-1-1024x739.jpeg 1024w, https:\/\/www.kanal6tv.com\/wp-content\/uploads\/2026\/04\/afis-1-300x216.jpeg 300w, https:\/\/www.kanal6tv.com\/wp-content\/uploads\/2026\/04\/afis-1-768x554.jpeg 768w, https:\/\/www.kanal6tv.com\/wp-content\/uploads\/2026\/04\/afis-1.jpeg 1091w\" sizes=\"auto, (max-width: 1024px) 100vw, 1024px\" \/><\/figure>\n<\/figure>\n","protected":false},"excerpt":{"rendered":"<p>Ressam P\u0131nar Kanber\u2019in uzun s\u00fcredir \u00fczerinde \u00e7al\u0131\u015ft\u0131\u011f\u0131 yeni ki\u015fisel sergisi \u201cMart\u0131lar\u0131n \u0130stanbul\u2019u\u201d, 28 Nisan 2026 tarihinde FULART Gallery\u2019de kap\u0131lar\u0131n\u0131 sanatseverlere a\u00e7t\u0131. A\u00e7\u0131l\u0131\u015f gecesi; sanat d\u00fcnyas\u0131n\u0131n \u00f6nemli isimleri, koleksiyonerler, bas\u0131n mensuplar\u0131 ve \u00e7ok say\u0131da davetlinin yo\u011fun ilgisiyle ger\u00e7ekle\u015fti. \u201cMart\u0131lar\u0131n \u0130stanbul\u2019u\u201d sergisi, 9 May\u0131s 2026 tarihine kadar FULART Gallery\u2019de ziyaret edilebilir. \u0130stanbul\u2019un \u00e7ok katmanl\u0131 haf\u0131zas\u0131n\u0131 mart\u0131lar \u00fczerinden yeniden yorumlayan sergi, izleyiciyi zaman, hareket ve bellek ekseninde \u015fiirsel bir yolculu\u011fa \u00e7\u0131kar\u0131yor. Kanber\u2019in eserleri, ge\u00e7mi\u015f ile bug\u00fcn\u00fc ayn\u0131 y\u00fczeyde bulu\u015ftururken, kentin k\u00fclt\u00fcrel ve tarihsel birikimini g\u00fc\u00e7l\u00fc bir g\u00f6rsel dile d\u00f6n\u00fc\u015ft\u00fcr\u00fcyor. Sanat\u00e7\u0131n\u0131n daha \u00f6nce Anadolu\u2019nun g\u00f6\u00e7 k\u00fclt\u00fcr\u00fcn\u00fc kervansaraylar ve at fig\u00fcrleri \u00fczerinden ele ald\u0131\u011f\u0131 \u00fcretim prati\u011fi, bu seride \u0130stanbul\u2019un simgesi haline gelmi\u015f mart\u0131larla yeni bir anlat\u0131 katman\u0131na ta\u015f\u0131n\u0131yor. Tuvalde hayat bulan mart\u0131lar; Bizans\u2019tan Osmanl\u0131\u2019ya uzanan tarihsel izleri, Bo\u011faz\u2019\u0131n ak\u0131\u015f\u0131n\u0131 ve \u015fehrin haf\u0131zas\u0131nda yer eden duygular\u0131 birbirine ba\u011flayan birer tan\u0131k olarak \u00f6ne \u00e7\u0131k\u0131yor. A\u00e7\u0131l\u0131\u015f gecesinde eserler b\u00fcy\u00fck be\u011feni toplarken, sanat \u00e7evreleri sergiyi&nbsp;\u201c\u0130stanbul\u2019un haf\u0131zas\u0131na \u015fiirsel bir dokunu\u015f\u201d&nbsp;olarak de\u011ferlendirdi. Yo\u011fun kat\u0131l\u0131m\u0131n oldu\u011fu gecede, koleksiyonerlerin eserlere g\u00f6sterdi\u011fi ilgi dikkat \u00e7ekti. Kanber, sergiye ili\u015fkin d\u00fc\u015f\u00fcncelerini \u015fu s\u00f6zlerle ifade ediyor:&nbsp;\u201cKervansaraylar\u0131n sesi sustu; yerini mart\u0131lar\u0131n \u00e7\u0131\u011fl\u0131klar\u0131 ald\u0131. Bu \u00e7\u0131\u011fl\u0131klar\u0131 renklerle duyulur k\u0131larak ge\u00e7mi\u015f ile bug\u00fcn aras\u0131nda yeni bir ba\u011f kurmak istiyorum.\u201d 1974 \u0130stanbul do\u011fumlu sanat\u00e7\u0131 P\u0131nar Kanber, Kocaeli \u00dcniversitesi G\u00fczel Sanatlar Fak\u00fcltesi Resim B\u00f6l\u00fcm\u00fc\u2019nden mezun olduktan sonra y\u00fcksek lisans\u0131n\u0131 ayn\u0131 \u00fcniversitede tamamlad\u0131. Sanat &nbsp;e\u011fitimcili\u011fi, proje koordinat\u00f6rl\u00fc\u011f\u00fc ve sanat y\u00f6netmenli\u011fi gibi farkl\u0131 alanlarda da aktif rol alan Kanber; k\u00fclt\u00fcrel miras ve sanat \u00fcretimini bir araya getiren \u00e7al\u0131\u015fmalar\u0131yla tan\u0131n\u0131yor. Sanat\u00e7\u0131, \u00fcretimlerini \u00c7anakkale\u2019deki at\u00f6lyesinde s\u00fcrd\u00fcrmeye devam ediyor. \u201cMart\u0131lar\u0131n \u0130stanbul\u2019u\u201d sergisi, 9 May\u0131s 2026\u2019ya kadar FULART Gallery\u2019de ziyaret edilebilirken, \u0130stanbul\u2019un g\u00f6ky\u00fcz\u00fcnde s\u00fcz\u00fclen mart\u0131lar\u0131n izinde zaman ve haf\u0131zan\u0131n katmanlar\u0131n\u0131 ke\u015ffetmek isteyen t\u00fcm sanatseverleri bu \u00f6zg\u00fcn deneyime davet ediyor. FULART Gallery Adres:&nbsp;Fenerbah\u00e7e, R\u00fc\u015ftiye Sok.No:19, 34726 Kad\u0131k\u00f6y\/\u0130stanbul Telefon:&nbsp;0532 352 28 04 \u00c7al\u0131\u015fma Saatleri:&nbsp;Pazar g\u00fcn\u00fc hari\u00e7, her g\u00fcn 11:00 \u2013 18:00<\/p>\n","protected":false},"author":1,"featured_media":2907,"comment_status":"open","ping_status":"open","sticky":false,"template":"","format":"standard","meta":{"footnotes":""},"categories":[3],"tags":[],"class_list":["post-2899","post","type-post","status-publish","format-standard","has-post-thumbnail","hentry","category-haber"],"_links":{"self":[{"href":"https:\/\/www.kanal6tv.com\/index.php?rest_route=\/wp\/v2\/posts\/2899","targetHints":{"allow":["GET"]}}],"collection":[{"href":"https:\/\/www.kanal6tv.com\/index.php?rest_route=\/wp\/v2\/posts"}],"about":[{"href":"https:\/\/www.kanal6tv.com\/index.php?rest_route=\/wp\/v2\/types\/post"}],"author":[{"embeddable":true,"href":"https:\/\/www.kanal6tv.com\/index.php?rest_route=\/wp\/v2\/users\/1"}],"replies":[{"embeddable":true,"href":"https:\/\/www.kanal6tv.com\/index.php?rest_route=%2Fwp%2Fv2%2Fcomments&post=2899"}],"version-history":[{"count":1,"href":"https:\/\/www.kanal6tv.com\/index.php?rest_route=\/wp\/v2\/posts\/2899\/revisions"}],"predecessor-version":[{"id":2910,"href":"https:\/\/www.kanal6tv.com\/index.php?rest_route=\/wp\/v2\/posts\/2899\/revisions\/2910"}],"wp:featuredmedia":[{"embeddable":true,"href":"https:\/\/www.kanal6tv.com\/index.php?rest_route=\/wp\/v2\/media\/2907"}],"wp:attachment":[{"href":"https:\/\/www.kanal6tv.com\/index.php?rest_route=%2Fwp%2Fv2%2Fmedia&parent=2899"}],"wp:term":[{"taxonomy":"category","embeddable":true,"href":"https:\/\/www.kanal6tv.com\/index.php?rest_route=%2Fwp%2Fv2%2Fcategories&post=2899"},{"taxonomy":"post_tag","embeddable":true,"href":"https:\/\/www.kanal6tv.com\/index.php?rest_route=%2Fwp%2Fv2%2Ftags&post=2899"}],"curies":[{"name":"wp","href":"https:\/\/api.w.org\/{rel}","templated":true}]}}