{"id":2894,"date":"2026-04-29T08:59:04","date_gmt":"2026-04-29T08:59:04","guid":{"rendered":"https:\/\/www.kanal6tv.com\/?p=2894"},"modified":"2026-04-29T08:59:46","modified_gmt":"2026-04-29T08:59:46","slug":"400-gorme-engelli-vatandasimizi-sevindirdiler","status":"publish","type":"post","link":"https:\/\/www.kanal6tv.com\/?p=2894","title":{"rendered":"400 G\u00d6RME ENGELL\u0130 VATANDA\u015eIMIZI SEV\u0130ND\u0130RD\u0130LER&#8230;"},"content":{"rendered":"\n<p>Kutlu Do\u011fum vesilesiyle \u0130stanbul\u2019da anlaml\u0131 bir sosyal sorumluluk program\u0131 ger\u00e7ekle\u015ftirildi.<\/p>\n\n\n\n<p>Mahmut Efendi Cemaati taraf\u0131ndan, Masum Bayraktar nezaretinde d\u00fczenlenen programda, 400 g\u00f6rme engelli vatanda\u015fa beyaz baston, kabartmal\u0131 Kur\u2019an-\u0131 Kerim ve kabartmal\u0131 Elif C\u00fcz\u2019\u00fc hediye edildi.<\/p>\n\n\n\n<p>Program\u0131n organizasyonu, \u0130mam-\u0131 Masum Efendi Vakf\u0131 Ba\u015fkan\u0131 Yasin Ahmedo\u011flu taraf\u0131ndan ger\u00e7ekle\u015ftirildi.<\/p>\n\n\n\n<p>Program, Sultanahmet Camii m\u00fcezzin kayy\u0131m\u0131 \u0130brahim Alt\u0131nta\u015f hocan\u0131n okudu\u011fu a\u015fr-\u0131 \u015ferif ile ba\u015flad\u0131. Etkinlik boyunca g\u00f6rme engelli bireylerin seslendirdi\u011fi ilahiler kat\u0131l\u0131mc\u0131lara duygu dolu anlar ya\u015fatt\u0131.<\/p>\n\n\n\n<p>Yo\u011fun kat\u0131l\u0131m\u0131n oldu\u011fu programda, toplumsal dayan\u0131\u015fma ve engelli bireylere destek vurgusu \u00f6n plana \u00e7\u0131kt\u0131. Program\u0131n sonunda konu\u015fma yapan Masum Bayraktar Hoca Efendi, \u0130slam\u2019da engellilere sahip \u00e7\u0131kman\u0131n \u00f6nemine dikkat \u00e7ekerek, ayet ve hadisler \u0131\u015f\u0131\u011f\u0131nda k\u0131sa bir sohbet ger\u00e7ekle\u015ftirdi.<\/p>\n\n\n\n<figure class=\"wp-block-gallery has-nested-images columns-default is-cropped wp-block-gallery-1 is-layout-flex wp-block-gallery-is-layout-flex\">\n<figure class=\"wp-block-image size-large\"><img loading=\"lazy\" decoding=\"async\" width=\"577\" height=\"1024\" data-id=\"2895\" src=\"https:\/\/www.kanal6tv.com\/wp-content\/uploads\/2026\/04\/IMG-20260427-WA0030-577x1024.jpg\" alt=\"\" class=\"wp-image-2895\" srcset=\"https:\/\/www.kanal6tv.com\/wp-content\/uploads\/2026\/04\/IMG-20260427-WA0030-577x1024.jpg 577w, https:\/\/www.kanal6tv.com\/wp-content\/uploads\/2026\/04\/IMG-20260427-WA0030-169x300.jpg 169w, https:\/\/www.kanal6tv.com\/wp-content\/uploads\/2026\/04\/IMG-20260427-WA0030-768x1364.jpg 768w, https:\/\/www.kanal6tv.com\/wp-content\/uploads\/2026\/04\/IMG-20260427-WA0030-865x1536.jpg 865w, https:\/\/www.kanal6tv.com\/wp-content\/uploads\/2026\/04\/IMG-20260427-WA0030-1153x2048.jpg 1153w, https:\/\/www.kanal6tv.com\/wp-content\/uploads\/2026\/04\/IMG-20260427-WA0030-1140x2025.jpg 1140w, https:\/\/www.kanal6tv.com\/wp-content\/uploads\/2026\/04\/IMG-20260427-WA0030-scaled.jpg 1441w\" sizes=\"auto, (max-width: 577px) 100vw, 577px\" \/><\/figure>\n\n\n\n<figure class=\"wp-block-image size-large\"><img loading=\"lazy\" decoding=\"async\" width=\"576\" height=\"1024\" data-id=\"2896\" src=\"https:\/\/www.kanal6tv.com\/wp-content\/uploads\/2026\/04\/IMG-20260427-WA0018-576x1024.jpg\" alt=\"\" class=\"wp-image-2896\" srcset=\"https:\/\/www.kanal6tv.com\/wp-content\/uploads\/2026\/04\/IMG-20260427-WA0018-576x1024.jpg 576w, https:\/\/www.kanal6tv.com\/wp-content\/uploads\/2026\/04\/IMG-20260427-WA0018-169x300.jpg 169w, https:\/\/www.kanal6tv.com\/wp-content\/uploads\/2026\/04\/IMG-20260427-WA0018-768x1364.jpg 768w, https:\/\/www.kanal6tv.com\/wp-content\/uploads\/2026\/04\/IMG-20260427-WA0018-865x1536.jpg 865w, https:\/\/www.kanal6tv.com\/wp-content\/uploads\/2026\/04\/IMG-20260427-WA0018-1153x2048.jpg 1153w, https:\/\/www.kanal6tv.com\/wp-content\/uploads\/2026\/04\/IMG-20260427-WA0018-1140x2025.jpg 1140w, https:\/\/www.kanal6tv.com\/wp-content\/uploads\/2026\/04\/IMG-20260427-WA0018-scaled.jpg 1441w\" sizes=\"auto, (max-width: 576px) 100vw, 576px\" \/><\/figure>\n<\/figure>\n\n\n\n<figure class=\"wp-block-image size-large\"><img loading=\"lazy\" decoding=\"async\" width=\"1024\" height=\"577\" src=\"https:\/\/www.kanal6tv.com\/wp-content\/uploads\/2026\/04\/IMG-20260427-WA0013-1024x577.jpg\" alt=\"\" class=\"wp-image-2897\" srcset=\"https:\/\/www.kanal6tv.com\/wp-content\/uploads\/2026\/04\/IMG-20260427-WA0013-1024x577.jpg 1024w, https:\/\/www.kanal6tv.com\/wp-content\/uploads\/2026\/04\/IMG-20260427-WA0013-300x169.jpg 300w, https:\/\/www.kanal6tv.com\/wp-content\/uploads\/2026\/04\/IMG-20260427-WA0013-768x433.jpg 768w, https:\/\/www.kanal6tv.com\/wp-content\/uploads\/2026\/04\/IMG-20260427-WA0013-1536x865.jpg 1536w, https:\/\/www.kanal6tv.com\/wp-content\/uploads\/2026\/04\/IMG-20260427-WA0013-2048x1154.jpg 2048w, https:\/\/www.kanal6tv.com\/wp-content\/uploads\/2026\/04\/IMG-20260427-WA0013-1140x642.jpg 1140w\" sizes=\"auto, (max-width: 1024px) 100vw, 1024px\" \/><\/figure>\n","protected":false},"excerpt":{"rendered":"<p>Kutlu Do\u011fum vesilesiyle \u0130stanbul\u2019da anlaml\u0131 bir sosyal sorumluluk program\u0131 ger\u00e7ekle\u015ftirildi. Mahmut Efendi Cemaati taraf\u0131ndan, Masum Bayraktar nezaretinde d\u00fczenlenen programda, 400 g\u00f6rme engelli vatanda\u015fa beyaz baston, kabartmal\u0131 Kur\u2019an-\u0131 Kerim ve kabartmal\u0131 Elif C\u00fcz\u2019\u00fc hediye edildi. Program\u0131n organizasyonu, \u0130mam-\u0131 Masum Efendi Vakf\u0131 Ba\u015fkan\u0131 Yasin Ahmedo\u011flu taraf\u0131ndan ger\u00e7ekle\u015ftirildi. Program, Sultanahmet Camii m\u00fcezzin kayy\u0131m\u0131 \u0130brahim Alt\u0131nta\u015f hocan\u0131n okudu\u011fu a\u015fr-\u0131 \u015ferif ile ba\u015flad\u0131. Etkinlik boyunca g\u00f6rme engelli bireylerin seslendirdi\u011fi ilahiler kat\u0131l\u0131mc\u0131lara duygu dolu anlar ya\u015fatt\u0131. Yo\u011fun kat\u0131l\u0131m\u0131n oldu\u011fu programda, toplumsal dayan\u0131\u015fma ve engelli bireylere destek vurgusu \u00f6n plana \u00e7\u0131kt\u0131. Program\u0131n sonunda konu\u015fma yapan Masum Bayraktar Hoca Efendi, \u0130slam\u2019da engellilere sahip \u00e7\u0131kman\u0131n \u00f6nemine dikkat \u00e7ekerek, ayet ve hadisler \u0131\u015f\u0131\u011f\u0131nda k\u0131sa bir sohbet ger\u00e7ekle\u015ftirdi.<\/p>\n","protected":false},"author":1,"featured_media":2895,"comment_status":"open","ping_status":"open","sticky":false,"template":"","format":"standard","meta":{"footnotes":""},"categories":[3],"tags":[],"class_list":["post-2894","post","type-post","status-publish","format-standard","has-post-thumbnail","hentry","category-haber"],"_links":{"self":[{"href":"https:\/\/www.kanal6tv.com\/index.php?rest_route=\/wp\/v2\/posts\/2894","targetHints":{"allow":["GET"]}}],"collection":[{"href":"https:\/\/www.kanal6tv.com\/index.php?rest_route=\/wp\/v2\/posts"}],"about":[{"href":"https:\/\/www.kanal6tv.com\/index.php?rest_route=\/wp\/v2\/types\/post"}],"author":[{"embeddable":true,"href":"https:\/\/www.kanal6tv.com\/index.php?rest_route=\/wp\/v2\/users\/1"}],"replies":[{"embeddable":true,"href":"https:\/\/www.kanal6tv.com\/index.php?rest_route=%2Fwp%2Fv2%2Fcomments&post=2894"}],"version-history":[{"count":1,"href":"https:\/\/www.kanal6tv.com\/index.php?rest_route=\/wp\/v2\/posts\/2894\/revisions"}],"predecessor-version":[{"id":2898,"href":"https:\/\/www.kanal6tv.com\/index.php?rest_route=\/wp\/v2\/posts\/2894\/revisions\/2898"}],"wp:featuredmedia":[{"embeddable":true,"href":"https:\/\/www.kanal6tv.com\/index.php?rest_route=\/wp\/v2\/media\/2895"}],"wp:attachment":[{"href":"https:\/\/www.kanal6tv.com\/index.php?rest_route=%2Fwp%2Fv2%2Fmedia&parent=2894"}],"wp:term":[{"taxonomy":"category","embeddable":true,"href":"https:\/\/www.kanal6tv.com\/index.php?rest_route=%2Fwp%2Fv2%2Fcategories&post=2894"},{"taxonomy":"post_tag","embeddable":true,"href":"https:\/\/www.kanal6tv.com\/index.php?rest_route=%2Fwp%2Fv2%2Ftags&post=2894"}],"curies":[{"name":"wp","href":"https:\/\/api.w.org\/{rel}","templated":true}]}}