{"id":2889,"date":"2026-04-29T08:54:22","date_gmt":"2026-04-29T08:54:22","guid":{"rendered":"https:\/\/www.kanal6tv.com\/?p=2889"},"modified":"2026-04-29T08:54:24","modified_gmt":"2026-04-29T08:54:24","slug":"eylul-askin-126-programini-cekti","status":"publish","type":"post","link":"https:\/\/www.kanal6tv.com\/?p=2889","title":{"rendered":"EYL\u00dcL A\u015eKIN 126. PROGRAMINI \u00c7EKT\u0130&#8230;"},"content":{"rendered":"\n<p>T\u00fcrkiye Haber Portal\u0131 Youtube kanal\u0131nda yay\u0131nlanan program\u0131, Eyl\u00fcl A\u015fk\u0131n \u0130le\u2019nin 126. b\u00f6l\u00fcm\u00fcn\u00fc \u00e7eken ve yay\u0131nlayan ba\u015far\u0131l\u0131 sunucu Eyl\u00fcl A\u015fk\u0131n, magazin d\u00fcnyas\u0131nda r\u00f6portajlar\u0131yla fark yaratan gazeteci Suha Baki\u2019yi konuk etti. <\/p>\n\n\n\n<p>Bir\u00e7ok \u00fcnl\u00fcy\u00fc program\u0131nda a\u011f\u0131rlayan g\u00fczel sunucu ve gazeteci Eyl\u00fcl A\u015fk\u0131n, program\u0131nda Full Media Turkey Group Ba\u015fkan\u0131, \u0130stanbul Days Magazin Dergisi imtiyaz sahibi, meslekta\u015f\u0131 Suha Baki\u2019yi konuk edince doyumsuz bir sohbet ya\u015fand\u0131. \u0130kili magazin d\u00fcnyas\u0131n\u0131 konu\u015furken, konu Suha Baki\u2019nin hayat\u0131na gelince ba\u015far\u0131l\u0131 gazeteciden \u00f6nemli itiraflar geldi. \u201cEyl\u00fcl A\u015fk\u0131n \u0130le\u201d program\u0131nda ne\u015fe kadar h\u00fcz\u00fcn de ya\u015fan\u0131rken, Suha Baki hayat\u0131n\u0131 kitapla\u015ft\u0131rd\u0131\u011f\u0131n\u0131 belirterek, \u201c\u015eu anda 1700 sayfaya yak\u0131n yazd\u0131m. <\/p>\n\n\n\n<p>Hayat\u0131m\u0131 yaz\u0131yorum ama hayat\u0131m bitmedi\u011fi i\u00e7in kitap da bitmiyor. K\u0131z\u0131ma vasiyet ettim: \u201cBana bir \u015fey olursa bunu kitap olarak yay\u0131nlarsan sevinirim dedim\u201d dedi. Youtube kanal\u0131 \u00fczerinden yapt\u0131\u011f\u0131 programlarla \u00e7ok konu\u015fulan Eyl\u00fcl A\u015fk\u0131n ise, \u201cMesleki anlamda sekt\u00f6rdeki b\u00fcy\u00fcklerimin takdirini almak benim i\u00e7in \u00e7ok k\u0131ymetli.\u201d \u015feklinde konu\u015ftu.\u00a0<\/p>\n\n\n\n<p>EYL\u00dcL A\u015eKIN 126. B\u00d6L\u00dcM L\u0130NK<\/p>\n\n\n\n<figure class=\"wp-block-embed is-type-video is-provider-youtube wp-block-embed-youtube wp-embed-aspect-16-9 wp-has-aspect-ratio\"><div class=\"wp-block-embed__wrapper\">\n<iframe loading=\"lazy\" title=\"Suha Baki, Eyl\u00fcl A\u015fk\u0131n \u0130le... \u00d6zel S\u00f6yle\u015fi, 126. B\u00f6l\u00fcm\" width=\"960\" height=\"540\" src=\"https:\/\/www.youtube.com\/embed\/Ks37vxZwuIc?feature=oembed\" frameborder=\"0\" allow=\"accelerometer; autoplay; clipboard-write; encrypted-media; gyroscope; picture-in-picture; web-share\" referrerpolicy=\"strict-origin-when-cross-origin\" allowfullscreen><\/iframe>\n<\/div><\/figure>\n\n\n\n<figure class=\"wp-block-gallery has-nested-images columns-default is-cropped wp-block-gallery-1 is-layout-flex wp-block-gallery-is-layout-flex\">\n<figure class=\"wp-block-image size-large\"><img loading=\"lazy\" decoding=\"async\" width=\"1024\" height=\"683\" data-id=\"2891\" src=\"https:\/\/www.kanal6tv.com\/wp-content\/uploads\/2026\/04\/SUHA-BAKI-EYLUL-ASKIN-1024x683.jpg\" alt=\"\" class=\"wp-image-2891\" srcset=\"https:\/\/www.kanal6tv.com\/wp-content\/uploads\/2026\/04\/SUHA-BAKI-EYLUL-ASKIN-1024x683.jpg 1024w, https:\/\/www.kanal6tv.com\/wp-content\/uploads\/2026\/04\/SUHA-BAKI-EYLUL-ASKIN-300x200.jpg 300w, https:\/\/www.kanal6tv.com\/wp-content\/uploads\/2026\/04\/SUHA-BAKI-EYLUL-ASKIN-768x512.jpg 768w, https:\/\/www.kanal6tv.com\/wp-content\/uploads\/2026\/04\/SUHA-BAKI-EYLUL-ASKIN-1536x1024.jpg 1536w, https:\/\/www.kanal6tv.com\/wp-content\/uploads\/2026\/04\/SUHA-BAKI-EYLUL-ASKIN-2048x1365.jpg 2048w, https:\/\/www.kanal6tv.com\/wp-content\/uploads\/2026\/04\/SUHA-BAKI-EYLUL-ASKIN-1140x760.jpg 1140w\" sizes=\"auto, (max-width: 1024px) 100vw, 1024px\" \/><\/figure>\n\n\n\n<figure class=\"wp-block-image size-large\"><img loading=\"lazy\" decoding=\"async\" width=\"1024\" height=\"683\" data-id=\"2890\" src=\"https:\/\/www.kanal6tv.com\/wp-content\/uploads\/2026\/04\/EYLUL-ASKIN-SUHA-BAKI-1024x683.jpg\" alt=\"\" class=\"wp-image-2890\" srcset=\"https:\/\/www.kanal6tv.com\/wp-content\/uploads\/2026\/04\/EYLUL-ASKIN-SUHA-BAKI-1024x683.jpg 1024w, https:\/\/www.kanal6tv.com\/wp-content\/uploads\/2026\/04\/EYLUL-ASKIN-SUHA-BAKI-300x200.jpg 300w, https:\/\/www.kanal6tv.com\/wp-content\/uploads\/2026\/04\/EYLUL-ASKIN-SUHA-BAKI-768x512.jpg 768w, https:\/\/www.kanal6tv.com\/wp-content\/uploads\/2026\/04\/EYLUL-ASKIN-SUHA-BAKI-1536x1024.jpg 1536w, https:\/\/www.kanal6tv.com\/wp-content\/uploads\/2026\/04\/EYLUL-ASKIN-SUHA-BAKI-2048x1365.jpg 2048w, https:\/\/www.kanal6tv.com\/wp-content\/uploads\/2026\/04\/EYLUL-ASKIN-SUHA-BAKI-1140x760.jpg 1140w\" sizes=\"auto, (max-width: 1024px) 100vw, 1024px\" \/><\/figure>\n<\/figure>\n\n\n\n<figure class=\"wp-block-image size-large\"><img loading=\"lazy\" decoding=\"async\" width=\"1024\" height=\"683\" src=\"https:\/\/www.kanal6tv.com\/wp-content\/uploads\/2026\/04\/SUHA-BAKI-EYLUL-ASKIN-1-1024x683.jpg\" alt=\"\" class=\"wp-image-2892\" srcset=\"https:\/\/www.kanal6tv.com\/wp-content\/uploads\/2026\/04\/SUHA-BAKI-EYLUL-ASKIN-1-1024x683.jpg 1024w, https:\/\/www.kanal6tv.com\/wp-content\/uploads\/2026\/04\/SUHA-BAKI-EYLUL-ASKIN-1-300x200.jpg 300w, https:\/\/www.kanal6tv.com\/wp-content\/uploads\/2026\/04\/SUHA-BAKI-EYLUL-ASKIN-1-768x512.jpg 768w, https:\/\/www.kanal6tv.com\/wp-content\/uploads\/2026\/04\/SUHA-BAKI-EYLUL-ASKIN-1-1536x1024.jpg 1536w, https:\/\/www.kanal6tv.com\/wp-content\/uploads\/2026\/04\/SUHA-BAKI-EYLUL-ASKIN-1-2048x1365.jpg 2048w, https:\/\/www.kanal6tv.com\/wp-content\/uploads\/2026\/04\/SUHA-BAKI-EYLUL-ASKIN-1-1140x760.jpg 1140w\" sizes=\"auto, (max-width: 1024px) 100vw, 1024px\" \/><\/figure>\n","protected":false},"excerpt":{"rendered":"<p>T\u00fcrkiye Haber Portal\u0131 Youtube kanal\u0131nda yay\u0131nlanan program\u0131, Eyl\u00fcl A\u015fk\u0131n \u0130le\u2019nin 126. b\u00f6l\u00fcm\u00fcn\u00fc \u00e7eken ve yay\u0131nlayan ba\u015far\u0131l\u0131 sunucu Eyl\u00fcl A\u015fk\u0131n, magazin d\u00fcnyas\u0131nda r\u00f6portajlar\u0131yla fark yaratan gazeteci Suha Baki\u2019yi konuk etti. Bir\u00e7ok \u00fcnl\u00fcy\u00fc program\u0131nda a\u011f\u0131rlayan g\u00fczel sunucu ve gazeteci Eyl\u00fcl A\u015fk\u0131n, program\u0131nda Full Media Turkey Group Ba\u015fkan\u0131, \u0130stanbul Days Magazin Dergisi imtiyaz sahibi, meslekta\u015f\u0131 Suha Baki\u2019yi konuk edince doyumsuz bir sohbet ya\u015fand\u0131. \u0130kili magazin d\u00fcnyas\u0131n\u0131 konu\u015furken, konu Suha Baki\u2019nin hayat\u0131na gelince ba\u015far\u0131l\u0131 gazeteciden \u00f6nemli itiraflar geldi. \u201cEyl\u00fcl A\u015fk\u0131n \u0130le\u201d program\u0131nda ne\u015fe kadar h\u00fcz\u00fcn de ya\u015fan\u0131rken, Suha Baki hayat\u0131n\u0131 kitapla\u015ft\u0131rd\u0131\u011f\u0131n\u0131 belirterek, \u201c\u015eu anda 1700 sayfaya yak\u0131n yazd\u0131m. Hayat\u0131m\u0131 yaz\u0131yorum ama hayat\u0131m bitmedi\u011fi i\u00e7in kitap da bitmiyor. K\u0131z\u0131ma vasiyet ettim: \u201cBana bir \u015fey olursa bunu kitap olarak yay\u0131nlarsan sevinirim dedim\u201d dedi. Youtube kanal\u0131 \u00fczerinden yapt\u0131\u011f\u0131 programlarla \u00e7ok konu\u015fulan Eyl\u00fcl A\u015fk\u0131n ise, \u201cMesleki anlamda sekt\u00f6rdeki b\u00fcy\u00fcklerimin takdirini almak benim i\u00e7in \u00e7ok k\u0131ymetli.\u201d \u015feklinde konu\u015ftu.\u00a0 EYL\u00dcL A\u015eKIN 126. B\u00d6L\u00dcM L\u0130NK<\/p>\n","protected":false},"author":1,"featured_media":2892,"comment_status":"open","ping_status":"open","sticky":false,"template":"","format":"standard","meta":{"footnotes":""},"categories":[3],"tags":[],"class_list":["post-2889","post","type-post","status-publish","format-standard","has-post-thumbnail","hentry","category-haber"],"_links":{"self":[{"href":"https:\/\/www.kanal6tv.com\/index.php?rest_route=\/wp\/v2\/posts\/2889","targetHints":{"allow":["GET"]}}],"collection":[{"href":"https:\/\/www.kanal6tv.com\/index.php?rest_route=\/wp\/v2\/posts"}],"about":[{"href":"https:\/\/www.kanal6tv.com\/index.php?rest_route=\/wp\/v2\/types\/post"}],"author":[{"embeddable":true,"href":"https:\/\/www.kanal6tv.com\/index.php?rest_route=\/wp\/v2\/users\/1"}],"replies":[{"embeddable":true,"href":"https:\/\/www.kanal6tv.com\/index.php?rest_route=%2Fwp%2Fv2%2Fcomments&post=2889"}],"version-history":[{"count":1,"href":"https:\/\/www.kanal6tv.com\/index.php?rest_route=\/wp\/v2\/posts\/2889\/revisions"}],"predecessor-version":[{"id":2893,"href":"https:\/\/www.kanal6tv.com\/index.php?rest_route=\/wp\/v2\/posts\/2889\/revisions\/2893"}],"wp:featuredmedia":[{"embeddable":true,"href":"https:\/\/www.kanal6tv.com\/index.php?rest_route=\/wp\/v2\/media\/2892"}],"wp:attachment":[{"href":"https:\/\/www.kanal6tv.com\/index.php?rest_route=%2Fwp%2Fv2%2Fmedia&parent=2889"}],"wp:term":[{"taxonomy":"category","embeddable":true,"href":"https:\/\/www.kanal6tv.com\/index.php?rest_route=%2Fwp%2Fv2%2Fcategories&post=2889"},{"taxonomy":"post_tag","embeddable":true,"href":"https:\/\/www.kanal6tv.com\/index.php?rest_route=%2Fwp%2Fv2%2Ftags&post=2889"}],"curies":[{"name":"wp","href":"https:\/\/api.w.org\/{rel}","templated":true}]}}